{"id":8516,"date":"2021-09-28T14:59:04","date_gmt":"2021-09-28T19:59:04","guid":{"rendered":"https:\/\/www.ondasdeltonusco.com\/?p=8516"},"modified":"2021-09-28T14:59:04","modified_gmt":"2021-09-28T19:59:04","slug":"participe-en-la-convocatoria-para-la-reactivacion-comercial-de-micronegocios","status":"publish","type":"post","link":"https:\/\/www.ondasdeltonusco.com\/en\/participe-en-la-convocatoria-para-la-reactivacion-comercial-de-micronegocios\/","title":{"rendered":"Participe en la Convocatoria para la Reactivaci\u00f3n Comercial de Micronegocios"},"content":{"rendered":"<p>A trav\u00e9s de este proyecto brindaremos capacitaci\u00f3n y asesor\u00eda especializada para mejorar las habilidades gerenciales, comerciales, log\u00edsticas y financieras de al menos 2.000 micronegocios del pa\u00eds, para que aumenten sus ventas o abran nuevos canales para comercializar sus productos o servicios.<\/p>\n<p>Los micronegocios que hagan parte del proyecto, adem\u00e1s, acceder\u00e1n a cursos de mercadeo y diagn\u00f3sticos especializados para mejorar en productividad y digitalizaci\u00f3n; aprender\u00e1n a realizar estrategias comerciales y tendr\u00e1n la oportunidad de ofertar sus productos y servicios para que sean vendidos en almacenes como Alkosto, \u00c9xito, Carulla, Surtimax, Homecenter, Merka Org\u00e1nico, Isa, Cueros V\u00e9lez, Makro, Flamingo, Los Tres Elefantes, Sentry y Jumbo, entre otros.<\/p>\n<h2>\u00bfQui\u00e9nes pueden participar?<\/h2>\n<p>Pueden participar micronegocios con al menos un a\u00f1o en funcionamiento con uno o varios productos o servicios puestos en el mercado. Se entiende por micronegocio cualquier unidad econ\u00f3mica con m\u00e1ximo nueve personas ocupadas que desarrolla una actividad productiva de bienes o servicios, con el objeto de obtener un ingreso, actuando en calidad de propietario o arrendatario de los medios de producci\u00f3n.<\/p>\n<p>Dentro de los micronegocios que pueden participar se encuentran productores y transformadores de alimentos, textiles y confecci\u00f3n, artesan\u00edas, jugueter\u00eda y deportes, hogar y moda, productos de aseo; y establecimientos comerciales como tiendas, panader\u00edas, peluquer\u00edas, cibercaf\u00e9s, miscel\u00e1neas y restaurantes o sitios de venta de comida; as\u00ed como negocios agr\u00edcolas y pecuarios, culturales, de asesor\u00eda jur\u00eddica y contable, de desarrollo de software, de m\u00e9dicos independientes, odont\u00f3logos, veterinarios y productos para mascotas; elaboraci\u00f3n y\/o comercializaci\u00f3n de productos de temporadas (Halloween, Navidad, etc.); remodelaci\u00f3n de viviendas; jardines infantiles; servicios de refuerzo escolar; y\u00a0 comercio y reparaci\u00f3n de veh\u00edculos automotores y motocicletas, entre otros.<\/p>\n<table style=\"font-weight: 400;\" width=\"864\">\n<tbody>\n<tr>\n<td width=\"864\"><strong>Convocatorias nacionales<\/strong><\/td>\n<\/tr>\n<tr>\n<td width=\"864\"><strong>*Formaci\u00f3n en calidad MiPymes &#8211; Colombia Productiva :<a href=\"https:\/\/www.colombiaproductiva.com\/ptp-servicios\/ptp-convocatorias\/para-empresas\/formacion-en-calidad-convocatoria-para-capacitar-a\" data-saferedirecturl=\"https:\/\/www.google.com\/url?q=https:\/\/www.colombiaproductiva.com\/ptp-servicios\/ptp-convocatorias\/para-empresas\/formacion-en-calidad-convocatoria-para-capacitar-a&amp;source=gmail&amp;ust=1632945324882000&amp;usg=AFQjCNE32IEthLJb5H14dl9sz-CnICyClA\">https:\/\/www.colombiaproductiva.com\/ptp-servicios\/ptp-convocatorias\/para-empresas\/formacion-en-calidad-convocatoria-para-capacitar-a<\/a><\/strong><\/td>\n<\/tr>\n<tr>\n<td width=\"864\"><strong><u>Vence<\/u><\/strong>: Noviembre 30 de 2021<\/td>\n<\/tr>\n<tr>\n<td width=\"864\"><strong><u>Objeto<\/u><\/strong>: Seleccionar al menos 200 mipymes de sectores priorizados por Colombia Productiva para brindarles formaci\u00f3n especializada y gratuita sobre los est\u00e1ndares de calidad y procesos de alistamiento requeridos para el mejoramiento de su productividad y el acceso a mercados internacionales.<\/td>\n<\/tr>\n<tr>\n<td width=\"864\"><strong><u>Dirigido a<\/u><\/strong>: micro, peque\u00f1as y medianas empresas en sectores priorizados por Colombia productiva: agroindustria, farmac\u00e9utico, sistema moda, industrias del movimiento, industrias para la construcci\u00f3n, turismo, Software, TI y BPO.<\/td>\n<\/tr>\n<tr>\n<td width=\"864\"><strong><u>Beneficio<\/u><\/strong>:\u00a0 Formaci\u00f3n a trav\u00e9s de uno de los 22 cursos especializados en est\u00e1ndares de calidad que se ofrecen en el marco de la convoatoria.<\/td>\n<\/tr>\n<tr>\n<td width=\"864\">&nbsp;<\/td>\n<\/tr>\n<tr>\n<td width=\"864\"><strong>*INNPULSA TEC 2.0 ENTIDADES DE SOPORTE AL ECOSISTEMA DE INNOVACI\u00d3N (ESEI) &#8211; 2021 &#8211; Innpulsa:\u00a0<a href=\"https:\/\/innpulsacolombia.com\/convocatorias\/intce-21-innpulsa-tec-20-entidades-de-soporte-al-ecosistema-de-innovacion-2021\" data-saferedirecturl=\"https:\/\/www.google.com\/url?q=https:\/\/innpulsacolombia.com\/convocatorias\/intce-21-innpulsa-tec-20-entidades-de-soporte-al-ecosistema-de-innovacion-2021&amp;source=gmail&amp;ust=1632945324882000&amp;usg=AFQjCNFFlWrfJKOx1juKBNnaHiYcLLcoZg\">https:\/\/innpulsacolombia.com\/convocatorias\/intce-21-innpulsa-tec-20-entidades-de-soporte-al-ecosistema-de-innovacion-2021<\/a><\/strong><\/td>\n<\/tr>\n<tr>\n<td width=\"864\"><strong><u>Vence<\/u><\/strong>: Octubre 22 de 2021<\/td>\n<\/tr>\n<tr>\n<td width=\"864\"><strong><u>Objeto<\/u><\/strong>: Seleccionar Entidades de Soporte al Ecosistema de Innovaci\u00f3n (ESEI) para que participen en el programa de INNPULSA TEC 2.0, en el cual INNPULSA COLOMBIA, mediante un Consultor, identificar\u00e1 y fortalecer\u00e1 el portafolio de sus servicios y tecnolog\u00edas de alto valor, con el fin que sean potencialmente transferibles al sector empresarial.<\/td>\n<\/tr>\n<tr>\n<td width=\"864\"><strong><u>Dirigido a<\/u><\/strong>: Actores del SNCTeI:<br \/>\na) Centros de Desarrollo Tecnol\u00f3gico e Innovaci\u00f3n.<br \/>\nb) Centros de Innovaci\u00f3n y Productividad.<br \/>\nc) Parques Cient\u00edficos y Tecnol\u00f3gicos.<br \/>\nd) Oficinas de Transferencia de Resultados de Investigaci\u00f3n o unidades que atiendan funciones similares al interior de Entidades Universitarias.<br \/>\ne) Centros de Excelencia.<br \/>\nf) Centros de investigaci\u00f3n<\/td>\n<\/tr>\n<tr>\n<td width=\"864\"><strong><u>Beneficio<\/u><\/strong>: Asistencia t\u00e9cnica en 4 fases: (alistamiento, fortalecimiento de capacidades del personal de las entidades beneficiarias, transferencia de conocimiento a trav\u00e9s de un programa de vauchers de planes de capacitaci\u00f3n a empresas, conexiones empresariales a trav\u00e9s de un programa de vauchers de innovaci\u00f3n)<\/td>\n<\/tr>\n<tr>\n<td width=\"864\">&nbsp;<\/td>\n<\/tr>\n<tr>\n<td width=\"864\"><strong>*Modelos Asociativos Digitales 4.0 &#8211; MinTIC:\u00a0<a href=\"https:\/\/mintic.gov.co\/portal\/inicio\/Sala-de-prensa\/181993:Ministerio-TIC-modifica-requisito-y-amplia-convocatoria-que-beneficia-a-empresas-de-la-Industria-Creativa-Digital-y-TI\" data-saferedirecturl=\"https:\/\/www.google.com\/url?q=https:\/\/mintic.gov.co\/portal\/inicio\/Sala-de-prensa\/181993:Ministerio-TIC-modifica-requisito-y-amplia-convocatoria-que-beneficia-a-empresas-de-la-Industria-Creativa-Digital-y-TI&amp;source=gmail&amp;ust=1632945324882000&amp;usg=AFQjCNFThnaK4h_i3LMa4rmxwG9TDYPIKQ\">https:\/\/mintic.gov.co\/portal\/inicio\/Sala-de-prensa\/181993:Ministerio-TIC-modifica-requisito-y-amplia-convocatoria-que-beneficia-a-empresas-de-la-Industria-Creativa-Digital-y-TI<\/a><\/strong><\/td>\n<\/tr>\n<tr>\n<td width=\"864\"><strong><u>Vence<\/u><\/strong>: octubre 1 de 2021<\/td>\n<\/tr>\n<tr>\n<td width=\"864\"><strong><u>Objeto<\/u><\/strong>: seleccionar 20 modelos asociativos digitales con 200 empresas vinculadas que hagan parte de dichos modelos asociativos de la Industria TI y Creativa<br \/>\nDigital, con el fin de fortalecerlos a trav\u00e9s del desarrollo de una ruta de internacionalizaci\u00f3n de bienes y servicios digitales, con el apoyo de tecnolog\u00edas emergentes, para diversificar la oferta exportable, promover el desarrollo regional y aportar a la reactivaci\u00f3n econ\u00f3mica<\/td>\n<\/tr>\n<tr>\n<td width=\"864\"><strong><u>Dirigido a<\/u><\/strong>: Personas jur\u00eddicas pertenecientes a las Industrias Creativas Digitales y\/o Tecnolog\u00edas de la Informaci\u00f3n y modelos asociativos de las industrias digitales<\/td>\n<\/tr>\n<tr>\n<td width=\"864\"><strong><u>Beneficio<\/u><\/strong>: asistencia t\u00e9cnica, transferencia de conocimiento y ruta para internacionalizaci\u00f3n<\/td>\n<\/tr>\n<tr>\n<td width=\"864\">&nbsp;<\/td>\n<\/tr>\n<tr>\n<td width=\"864\"><strong>*Reactivaci\u00f3n comercial micronegocios &#8211; Colombia Productiva y Promotora de Comercio Social :\u00a0<a href=\"https:\/\/www.colombiaproductiva.com\/reactivacion-micronegocios\" data-saferedirecturl=\"https:\/\/www.google.com\/url?q=https:\/\/www.colombiaproductiva.com\/reactivacion-micronegocios&amp;source=gmail&amp;ust=1632945324882000&amp;usg=AFQjCNGQY6YB4VzRJbdhAsvHsZVpEmhymA\">https:\/\/www.colombiaproductiva.com\/reactivacion-micronegocios<\/a><\/strong><\/td>\n<\/tr>\n<tr>\n<td width=\"864\"><strong><u>Vence<\/u><\/strong>: hasta agotar cupos<\/td>\n<\/tr>\n<tr>\n<td width=\"864\"><strong><u>Objeto<\/u><\/strong>: Aunar esfuerzos t\u00e9cnicos, administrativos y financieros, para apoyar el fortalecimiento de micronegocios de diferentes zonas del pa\u00eds, mediante un programa de acompa\u00f1amiento comercial que desarrolle habilidades empresariales y de acceso a mercados que impacten favorablemente la sostenibilidad y el crecimiento econ\u00f3mico de los micronegocios<\/td>\n<\/tr>\n<tr>\n<td width=\"864\"><strong><u>Dirigido a<\/u><\/strong>: Micronegocios de los macrosectores: Manufactura, Comercio y Servicios<\/td>\n<\/tr>\n<tr>\n<td width=\"864\"><strong><u>Beneficio<\/u><\/strong>: 2000 microempresarios recibir\u00e1n asistencia t\u00e9cnica y diagn\u00f3stico.<\/p>\n<p>Para microempresarios que logren pasar filtros a etapas m\u00e1s avanzadas del programa, la convocatoria ofrece:<br \/>\n*Entrenamiento comercial (1250 cupos)<br \/>\n*Cita de relacionamiento comercial (500)<br \/>\n*Diagn\u00f3stico especializado, plan de acci\u00f3n, dise\u00f1o de cat\u00e1logo de productos, conexiones de oferta y demanda (250 cupos)<\/td>\n<\/tr>\n<tr>\n<td width=\"864\"><strong>Convocatorias internacionales de inter\u00e9s<\/strong><\/td>\n<\/tr>\n<tr>\n<td width=\"864\"><strong>*Convocatoria para Proyectos de Cooperaci\u00f3n al Desarrollo 2022 &#8211; Embajada Rep\u00fablica Checa:\u00a0<a href=\"https:\/\/www.mzv.cz\/bogota\/es\/relaciones_bilaterales\/convocatoria_para_proyectos_de.html\" data-saferedirecturl=\"https:\/\/www.google.com\/url?q=https:\/\/www.mzv.cz\/bogota\/es\/relaciones_bilaterales\/convocatoria_para_proyectos_de.html&amp;source=gmail&amp;ust=1632945324882000&amp;usg=AFQjCNGqVuEvvnclGOPMXHXsSIid-0kOYA\">https:\/\/www.mzv.cz\/bogota\/es\/relaciones_bilaterales\/convocatoria_para_proyectos_de.html<\/a><\/strong><\/td>\n<\/tr>\n<tr>\n<td width=\"864\"><strong><u>Vence<\/u><\/strong>: Octubre 10 de 2021<\/td>\n<\/tr>\n<tr>\n<td width=\"864\"><strong><u>Objeto<\/u><\/strong>: Apoyar a entidades locales (Colombia) en su esfuerzo de erradicar la pobreza de acuerdo con los Objetivos de la Agenda 2030 de la ONU.<\/td>\n<\/tr>\n<tr>\n<td width=\"864\"><strong><u>Dirigido a<\/u><\/strong>: ONGs, asociaciones productivas, instituciones locales educativas, sociales, de salud.<\/td>\n<\/tr>\n<tr>\n<td width=\"864\"><strong><u>Beneficio<\/u><\/strong>: El m\u00e1ximo monto concedido por proyecto es de 500.000 CZK (equivale aprox. a $ 87.500.000 COP). No se solicita contrapartida<\/td>\n<\/tr>\n<tr>\n<td width=\"864\">&nbsp;<\/td>\n<\/tr>\n<tr>\n<td width=\"864\"><strong>*Global Change Award &#8211; H&amp;M Foundation:\u00a0<a href=\"https:\/\/hmfoundation.com\/gca\/\" data-saferedirecturl=\"https:\/\/www.google.com\/url?q=https:\/\/hmfoundation.com\/gca\/&amp;source=gmail&amp;ust=1632945324883000&amp;usg=AFQjCNFcFV8lKTNW-BNJowftS467o8Omng\">https:\/\/hmfoundation.com\/gca\/<\/a><\/strong><\/td>\n<\/tr>\n<tr>\n<td width=\"864\"><strong><u>Vence<\/u><\/strong>: Octubre 20 de 2021<\/td>\n<\/tr>\n<tr>\n<td width=\"864\"><strong><u>Objeto<\/u><\/strong>: Encontrar y apoyar innovaciones revolucionarias que puedan romper las tradiciones lineales de la moda y cambiar por completo la forma en que se dise\u00f1an, producen, env\u00edan, compran, usan y reciclan las prendas<\/td>\n<\/tr>\n<tr>\n<td width=\"864\"><strong><u>Dirigido a<\/u><\/strong>: Innovadores y emprendedores enfocados en la industria de la moda<\/td>\n<\/tr>\n<tr>\n<td width=\"864\"><strong><u>Beneficio<\/u><\/strong>: 1 mill\u00f3n de euros que se repartir\u00e1n entre los 6 ganadores (aproximadamente $ COP 749 millones por ganador) y 1 asesor\u00eda personalizada de 1 a\u00f1o &#8220;Innovation Accelerator Program&#8221; entregado por la H&amp;M Foundation en alianza con Accenture y KTH Royal Institute of Technology<\/td>\n<\/tr>\n<\/tbody>\n<\/table>","protected":false},"excerpt":{"rendered":"<p>A trav\u00e9s de este proyecto brindaremos capacitaci\u00f3n y asesor\u00eda especializada para mejorar las habilidades gerenciales, comerciales, log\u00edsticas y financieras de al menos 2.000 micronegocios del pa\u00eds, para que aumenten sus ventas o abran nuevos canales para comercializar sus productos o servicios. Los micronegocios que hagan parte del proyecto, adem\u00e1s, acceder\u00e1n a cursos de mercadeo y [&hellip;]<\/p>","protected":false},"author":1,"featured_media":8517,"comment_status":"closed","ping_status":"closed","sticky":false,"template":"","format":"standard","meta":[],"categories":[392],"tags":[],"yoast_head":"<!-- This site is optimized with the Yoast SEO plugin v16.4 - https:\/\/yoast.com\/wordpress\/plugins\/seo\/ -->\n<title>Participe en la Convocatoria para la Reactivaci\u00f3n Comercial de Micronegocios - Ondas Del Tonusco<\/title>\n<meta name=\"robots\" content=\"index, follow, max-snippet:-1, max-image-preview:large, max-video-preview:-1\" \/>\n<link rel=\"canonical\" href=\"https:\/\/www.ondasdeltonusco.com\/en\/participe-en-la-convocatoria-para-la-reactivacion-comercial-de-micronegocios\/\" \/>\n<meta property=\"og:locale\" content=\"en_US\" \/>\n<meta property=\"og:type\" content=\"article\" \/>\n<meta property=\"og:title\" content=\"Participe en la Convocatoria para la Reactivaci\u00f3n Comercial de Micronegocios - Ondas Del Tonusco\" \/>\n<meta property=\"og:description\" content=\"A trav\u00e9s de este proyecto brindaremos capacitaci\u00f3n y asesor\u00eda especializada para mejorar las habilidades gerenciales, comerciales, log\u00edsticas y financieras de al menos 2.000 micronegocios del pa\u00eds, para que aumenten sus ventas o abran nuevos canales para comercializar sus productos o servicios. Los micronegocios que hagan parte del proyecto, adem\u00e1s, acceder\u00e1n a cursos de mercadeo y [&hellip;]\" \/>\n<meta property=\"og:url\" content=\"https:\/\/www.ondasdeltonusco.com\/en\/participe-en-la-convocatoria-para-la-reactivacion-comercial-de-micronegocios\/\" \/>\n<meta property=\"og:site_name\" content=\"Ondas Del Tonusco\" \/>\n<meta property=\"article:published_time\" content=\"2021-09-28T19:59:04+00:00\" \/>\n<meta property=\"og:image\" content=\"http:\/\/www.ondasdeltonusco.com\/wp-content\/uploads\/2021\/09\/4KNBWYAZNZFJVJR5LFBC5B7VL4.jpg\" \/>\n\t<meta property=\"og:image:width\" content=\"1200\" \/>\n\t<meta property=\"og:image:height\" content=\"675\" \/>\n<meta name=\"twitter:card\" content=\"summary_large_image\" \/>\n<meta name=\"twitter:label1\" content=\"Est. reading time\" \/>\n\t<meta name=\"twitter:data1\" content=\"5 minutes\" \/>\n<script type=\"application\/ld+json\" class=\"yoast-schema-graph\">{\"@context\":\"https:\/\/schema.org\",\"@graph\":[{\"@type\":\"WebSite\",\"@id\":\"http:\/\/www.ondasdeltonusco.com\/#website\",\"url\":\"http:\/\/www.ondasdeltonusco.com\/\",\"name\":\"Ondas Del Tonusco\",\"description\":\"104.4 FM\",\"potentialAction\":[{\"@type\":\"SearchAction\",\"target\":\"http:\/\/www.ondasdeltonusco.com\/?s={search_term_string}\",\"query-input\":\"required name=search_term_string\"}],\"inLanguage\":\"en-US\"},{\"@type\":\"ImageObject\",\"@id\":\"http:\/\/www.ondasdeltonusco.com\/participe-en-la-convocatoria-para-la-reactivacion-comercial-de-micronegocios\/#primaryimage\",\"inLanguage\":\"en-US\",\"url\":\"https:\/\/www.ondasdeltonusco.com\/wp-content\/uploads\/2021\/09\/4KNBWYAZNZFJVJR5LFBC5B7VL4.jpg\",\"contentUrl\":\"https:\/\/www.ondasdeltonusco.com\/wp-content\/uploads\/2021\/09\/4KNBWYAZNZFJVJR5LFBC5B7VL4.jpg\",\"width\":1200,\"height\":675},{\"@type\":\"WebPage\",\"@id\":\"http:\/\/www.ondasdeltonusco.com\/participe-en-la-convocatoria-para-la-reactivacion-comercial-de-micronegocios\/#webpage\",\"url\":\"http:\/\/www.ondasdeltonusco.com\/participe-en-la-convocatoria-para-la-reactivacion-comercial-de-micronegocios\/\",\"name\":\"Participe en la Convocatoria para la Reactivaci\\u00f3n Comercial de Micronegocios - Ondas Del Tonusco\",\"isPartOf\":{\"@id\":\"http:\/\/www.ondasdeltonusco.com\/#website\"},\"primaryImageOfPage\":{\"@id\":\"http:\/\/www.ondasdeltonusco.com\/participe-en-la-convocatoria-para-la-reactivacion-comercial-de-micronegocios\/#primaryimage\"},\"datePublished\":\"2021-09-28T19:59:04+00:00\",\"dateModified\":\"2021-09-28T19:59:04+00:00\",\"author\":{\"@id\":\"http:\/\/www.ondasdeltonusco.com\/#\/schema\/person\/f6c68a6aa85afcc9c7f8070b570b1ab5\"},\"breadcrumb\":{\"@id\":\"http:\/\/www.ondasdeltonusco.com\/participe-en-la-convocatoria-para-la-reactivacion-comercial-de-micronegocios\/#breadcrumb\"},\"inLanguage\":\"en-US\",\"potentialAction\":[{\"@type\":\"ReadAction\",\"target\":[\"http:\/\/www.ondasdeltonusco.com\/participe-en-la-convocatoria-para-la-reactivacion-comercial-de-micronegocios\/\"]}]},{\"@type\":\"BreadcrumbList\",\"@id\":\"http:\/\/www.ondasdeltonusco.com\/participe-en-la-convocatoria-para-la-reactivacion-comercial-de-micronegocios\/#breadcrumb\",\"itemListElement\":[{\"@type\":\"ListItem\",\"position\":1,\"item\":{\"@type\":\"WebPage\",\"@id\":\"http:\/\/www.ondasdeltonusco.com\/\",\"url\":\"http:\/\/www.ondasdeltonusco.com\/\",\"name\":\"Home\"}},{\"@type\":\"ListItem\",\"position\":2,\"item\":{\"@id\":\"http:\/\/www.ondasdeltonusco.com\/participe-en-la-convocatoria-para-la-reactivacion-comercial-de-micronegocios\/#webpage\"}}]},{\"@type\":\"Person\",\"@id\":\"http:\/\/www.ondasdeltonusco.com\/#\/schema\/person\/f6c68a6aa85afcc9c7f8070b570b1ab5\",\"name\":\"WebTeam\",\"url\":\"https:\/\/www.ondasdeltonusco.com\/en\/author\/webteam\/\"}]}<\/script>\n<!-- \/ Yoast SEO plugin. -->","_links":{"self":[{"href":"https:\/\/www.ondasdeltonusco.com\/en\/wp-json\/wp\/v2\/posts\/8516"}],"collection":[{"href":"https:\/\/www.ondasdeltonusco.com\/en\/wp-json\/wp\/v2\/posts"}],"about":[{"href":"https:\/\/www.ondasdeltonusco.com\/en\/wp-json\/wp\/v2\/types\/post"}],"author":[{"embeddable":true,"href":"https:\/\/www.ondasdeltonusco.com\/en\/wp-json\/wp\/v2\/users\/1"}],"replies":[{"embeddable":true,"href":"https:\/\/www.ondasdeltonusco.com\/en\/wp-json\/wp\/v2\/comments?post=8516"}],"version-history":[{"count":1,"href":"https:\/\/www.ondasdeltonusco.com\/en\/wp-json\/wp\/v2\/posts\/8516\/revisions"}],"predecessor-version":[{"id":8518,"href":"https:\/\/www.ondasdeltonusco.com\/en\/wp-json\/wp\/v2\/posts\/8516\/revisions\/8518"}],"wp:featuredmedia":[{"embeddable":true,"href":"https:\/\/www.ondasdeltonusco.com\/en\/wp-json\/wp\/v2\/media\/8517"}],"wp:attachment":[{"href":"https:\/\/www.ondasdeltonusco.com\/en\/wp-json\/wp\/v2\/media?parent=8516"}],"wp:term":[{"taxonomy":"category","embeddable":true,"href":"https:\/\/www.ondasdeltonusco.com\/en\/wp-json\/wp\/v2\/categories?post=8516"},{"taxonomy":"post_tag","embeddable":true,"href":"https:\/\/www.ondasdeltonusco.com\/en\/wp-json\/wp\/v2\/tags?post=8516"}],"curies":[{"name":"wp","href":"https:\/\/api.w.org\/{rel}","templated":true}]}}