{"id":7259,"date":"2018-12-10T09:28:23","date_gmt":"2018-12-10T14:28:23","guid":{"rendered":"http:\/\/www.ondasdeltonusco.com\/?p=7259"},"modified":"2021-05-03T12:38:10","modified_gmt":"2021-05-03T17:38:10","slug":"celebracion-de-los-30-anos-de-la-arquidiocesis-de-santafe-de-antioquia","status":"publish","type":"post","link":"https:\/\/www.ondasdeltonusco.com\/en\/celebracion-de-los-30-anos-de-la-arquidiocesis-de-santafe-de-antioquia\/","title":{"rendered":"CELEBRACI\u00d3N DE LOS 30 A\u00d1OS DE LA ARQUIDIOCESIS DE SANTAF\u00c9 DE ANTIOQUIA"},"content":{"rendered":"<p><iframe loading=\"lazy\" title=\"CELEBRACION 30 ANOS  tvo\" width=\"1170\" height=\"658\" src=\"https:\/\/www.youtube.com\/embed\/ldBwwzHRtI0?feature=oembed\" frameborder=\"0\" allow=\"accelerometer; autoplay; clipboard-write; encrypted-media; gyroscope; picture-in-picture\" allowfullscreen><\/iframe><\/p>","protected":false},"excerpt":{"rendered":"","protected":false},"author":1,"featured_media":7377,"comment_status":"closed","ping_status":"closed","sticky":false,"template":"","format":"standard","meta":[],"categories":[392],"tags":[],"yoast_head":"<!-- This site is optimized with the Yoast SEO plugin v16.4 - https:\/\/yoast.com\/wordpress\/plugins\/seo\/ -->\n<title>CELEBRACI\u00d3N DE LOS 30 A\u00d1OS DE LA ARQUIDIOCESIS DE SANTAF\u00c9 DE ANTIOQUIA - Ondas Del Tonusco<\/title>\n<meta name=\"robots\" content=\"index, follow, max-snippet:-1, max-image-preview:large, max-video-preview:-1\" \/>\n<link rel=\"canonical\" href=\"https:\/\/www.ondasdeltonusco.com\/en\/celebracion-de-los-30-anos-de-la-arquidiocesis-de-santafe-de-antioquia\/\" \/>\n<meta property=\"og:locale\" content=\"en_US\" \/>\n<meta property=\"og:type\" content=\"article\" \/>\n<meta property=\"og:title\" content=\"CELEBRACI\u00d3N DE LOS 30 A\u00d1OS DE LA ARQUIDIOCESIS DE SANTAF\u00c9 DE ANTIOQUIA - Ondas Del Tonusco\" \/>\n<meta property=\"og:url\" content=\"https:\/\/www.ondasdeltonusco.com\/en\/celebracion-de-los-30-anos-de-la-arquidiocesis-de-santafe-de-antioquia\/\" \/>\n<meta property=\"og:site_name\" content=\"Ondas Del Tonusco\" \/>\n<meta property=\"article:published_time\" content=\"2018-12-10T14:28:23+00:00\" \/>\n<meta property=\"article:modified_time\" content=\"2021-05-03T17:38:10+00:00\" \/>\n<meta property=\"og:image\" content=\"http:\/\/www.ondasdeltonusco.com\/wp-content\/uploads\/2021\/05\/dummy.jpg\" \/>\n\t<meta property=\"og:image:width\" content=\"2000\" \/>\n\t<meta property=\"og:image:height\" content=\"1125\" \/>\n<meta name=\"twitter:card\" content=\"summary_large_image\" \/>\n<script type=\"application\/ld+json\" class=\"yoast-schema-graph\">{\"@context\":\"https:\/\/schema.org\",\"@graph\":[{\"@type\":\"WebSite\",\"@id\":\"http:\/\/www.ondasdeltonusco.com\/#website\",\"url\":\"http:\/\/www.ondasdeltonusco.com\/\",\"name\":\"Ondas Del Tonusco\",\"description\":\"104.4 FM\",\"potentialAction\":[{\"@type\":\"SearchAction\",\"target\":\"http:\/\/www.ondasdeltonusco.com\/?s={search_term_string}\",\"query-input\":\"required name=search_term_string\"}],\"inLanguage\":\"en-US\"},{\"@type\":\"ImageObject\",\"@id\":\"http:\/\/www.ondasdeltonusco.com\/celebracion-de-los-30-anos-de-la-arquidiocesis-de-santafe-de-antioquia\/#primaryimage\",\"inLanguage\":\"en-US\",\"url\":\"https:\/\/www.ondasdeltonusco.com\/wp-content\/uploads\/2021\/05\/dummy.jpg\",\"contentUrl\":\"https:\/\/www.ondasdeltonusco.com\/wp-content\/uploads\/2021\/05\/dummy.jpg\",\"width\":2000,\"height\":1125},{\"@type\":\"WebPage\",\"@id\":\"http:\/\/www.ondasdeltonusco.com\/celebracion-de-los-30-anos-de-la-arquidiocesis-de-santafe-de-antioquia\/#webpage\",\"url\":\"http:\/\/www.ondasdeltonusco.com\/celebracion-de-los-30-anos-de-la-arquidiocesis-de-santafe-de-antioquia\/\",\"name\":\"CELEBRACI\\u00d3N DE LOS 30 A\\u00d1OS DE LA ARQUIDIOCESIS DE SANTAF\\u00c9 DE ANTIOQUIA - Ondas Del Tonusco\",\"isPartOf\":{\"@id\":\"http:\/\/www.ondasdeltonusco.com\/#website\"},\"primaryImageOfPage\":{\"@id\":\"http:\/\/www.ondasdeltonusco.com\/celebracion-de-los-30-anos-de-la-arquidiocesis-de-santafe-de-antioquia\/#primaryimage\"},\"datePublished\":\"2018-12-10T14:28:23+00:00\",\"dateModified\":\"2021-05-03T17:38:10+00:00\",\"author\":{\"@id\":\"http:\/\/www.ondasdeltonusco.com\/#\/schema\/person\/f6c68a6aa85afcc9c7f8070b570b1ab5\"},\"breadcrumb\":{\"@id\":\"http:\/\/www.ondasdeltonusco.com\/celebracion-de-los-30-anos-de-la-arquidiocesis-de-santafe-de-antioquia\/#breadcrumb\"},\"inLanguage\":\"en-US\",\"potentialAction\":[{\"@type\":\"ReadAction\",\"target\":[\"http:\/\/www.ondasdeltonusco.com\/celebracion-de-los-30-anos-de-la-arquidiocesis-de-santafe-de-antioquia\/\"]}]},{\"@type\":\"BreadcrumbList\",\"@id\":\"http:\/\/www.ondasdeltonusco.com\/celebracion-de-los-30-anos-de-la-arquidiocesis-de-santafe-de-antioquia\/#breadcrumb\",\"itemListElement\":[{\"@type\":\"ListItem\",\"position\":1,\"item\":{\"@type\":\"WebPage\",\"@id\":\"http:\/\/www.ondasdeltonusco.com\/\",\"url\":\"http:\/\/www.ondasdeltonusco.com\/\",\"name\":\"Home\"}},{\"@type\":\"ListItem\",\"position\":2,\"item\":{\"@id\":\"http:\/\/www.ondasdeltonusco.com\/celebracion-de-los-30-anos-de-la-arquidiocesis-de-santafe-de-antioquia\/#webpage\"}}]},{\"@type\":\"Person\",\"@id\":\"http:\/\/www.ondasdeltonusco.com\/#\/schema\/person\/f6c68a6aa85afcc9c7f8070b570b1ab5\",\"name\":\"WebTeam\",\"url\":\"https:\/\/www.ondasdeltonusco.com\/en\/author\/webteam\/\"}]}<\/script>\n<!-- \/ Yoast SEO plugin. -->","_links":{"self":[{"href":"https:\/\/www.ondasdeltonusco.com\/en\/wp-json\/wp\/v2\/posts\/7259"}],"collection":[{"href":"https:\/\/www.ondasdeltonusco.com\/en\/wp-json\/wp\/v2\/posts"}],"about":[{"href":"https:\/\/www.ondasdeltonusco.com\/en\/wp-json\/wp\/v2\/types\/post"}],"author":[{"embeddable":true,"href":"https:\/\/www.ondasdeltonusco.com\/en\/wp-json\/wp\/v2\/users\/1"}],"replies":[{"embeddable":true,"href":"https:\/\/www.ondasdeltonusco.com\/en\/wp-json\/wp\/v2\/comments?post=7259"}],"version-history":[{"count":1,"href":"https:\/\/www.ondasdeltonusco.com\/en\/wp-json\/wp\/v2\/posts\/7259\/revisions"}],"predecessor-version":[{"id":7260,"href":"https:\/\/www.ondasdeltonusco.com\/en\/wp-json\/wp\/v2\/posts\/7259\/revisions\/7260"}],"wp:featuredmedia":[{"embeddable":true,"href":"https:\/\/www.ondasdeltonusco.com\/en\/wp-json\/wp\/v2\/media\/7377"}],"wp:attachment":[{"href":"https:\/\/www.ondasdeltonusco.com\/en\/wp-json\/wp\/v2\/media?parent=7259"}],"wp:term":[{"taxonomy":"category","embeddable":true,"href":"https:\/\/www.ondasdeltonusco.com\/en\/wp-json\/wp\/v2\/categories?post=7259"},{"taxonomy":"post_tag","embeddable":true,"href":"https:\/\/www.ondasdeltonusco.com\/en\/wp-json\/wp\/v2\/tags?post=7259"}],"curies":[{"name":"wp","href":"https:\/\/api.w.org\/{rel}","templated":true}]}}