{"id":9233,"date":"2023-07-10T10:25:41","date_gmt":"2023-07-10T15:25:41","guid":{"rendered":"https:\/\/www.ondasdeltonusco.com\/?p=9233"},"modified":"2023-07-10T10:25:41","modified_gmt":"2023-07-10T15:25:41","slug":"investigan-la-muerte-de-mujer-hallada-en-tanque-de-agua-en-ebejico-antioquia","status":"publish","type":"post","link":"http:\/\/www.ondasdeltonusco.com\/en\/investigan-la-muerte-de-mujer-hallada-en-tanque-de-agua-en-ebejico-antioquia\/","title":{"rendered":"Investigan la muerte de mujer hallada en tanque de agua en Eb\u00e9jico, Antioquia"},"content":{"rendered":"<p>Siete mujeres han sido asesinadas en una semana en el departamento de Antioquia, la v\u00edctima m\u00e1s reciente fue de una joven hallada metida en el tanque de agua de la vereda Filo de San Jos\u00e9 en el municipio de\u00a0 Eb\u00e9jico, occidente cercano de Antioquia.<\/p>\n<p>Seg\u00fan las autoridades,\u00a0 esta persona fue identificada como Ana Isabel Purgar\u00e1n, de 28 a\u00f1os. El cad\u00e1ver fue hallado en estado de descomposici\u00f3n y fue trasladado a Medicina Legal y Ciencias Forenses para determinar las causas de la muerte.<\/p>\n<p>Y es que la racha\u00a0 violenta contra las mujeres dan cuenta el homicidio de una mujer en Bello, dos m\u00e1s en Medell\u00edn, otro hecho de violencia en Guarne, El Pe\u00f1ol e Ituango. Las autoridades hicieron un llamado a la tolerancia y evitar ri\u00f1as que terminan en tragedias.<\/p>","protected":false},"excerpt":{"rendered":"<p>Siete mujeres han sido asesinadas en una semana en el departamento de Antioquia, la v\u00edctima m\u00e1s reciente fue de una joven hallada metida en el tanque de agua de la vereda Filo de San Jos\u00e9 en el municipio de\u00a0 Eb\u00e9jico, occidente cercano de Antioquia. Seg\u00fan las autoridades,\u00a0 esta persona fue identificada como Ana Isabel Purgar\u00e1n, [&hellip;]<\/p>","protected":false},"author":1,"featured_media":9234,"comment_status":"closed","ping_status":"closed","sticky":false,"template":"","format":"standard","meta":[],"categories":[392,606],"tags":[],"yoast_head":"<!-- This site is optimized with the Yoast SEO plugin v16.4 - https:\/\/yoast.com\/wordpress\/plugins\/seo\/ -->\n<title>Investigan la muerte de mujer hallada en tanque de agua en Eb\u00e9jico, Antioquia - Ondas Del Tonusco<\/title>\n<meta name=\"robots\" content=\"index, follow, max-snippet:-1, max-image-preview:large, max-video-preview:-1\" \/>\n<link rel=\"canonical\" href=\"http:\/\/www.ondasdeltonusco.com\/en\/investigan-la-muerte-de-mujer-hallada-en-tanque-de-agua-en-ebejico-antioquia\/\" \/>\n<meta property=\"og:locale\" content=\"en_US\" \/>\n<meta property=\"og:type\" content=\"article\" \/>\n<meta property=\"og:title\" content=\"Investigan la muerte de mujer hallada en tanque de agua en Eb\u00e9jico, Antioquia - Ondas Del Tonusco\" \/>\n<meta property=\"og:description\" content=\"Siete mujeres han sido asesinadas en una semana en el departamento de Antioquia, la v\u00edctima m\u00e1s reciente fue de una joven hallada metida en el tanque de agua de la vereda Filo de San Jos\u00e9 en el municipio de\u00a0 Eb\u00e9jico, occidente cercano de Antioquia. Seg\u00fan las autoridades,\u00a0 esta persona fue identificada como Ana Isabel Purgar\u00e1n, [&hellip;]\" \/>\n<meta property=\"og:url\" content=\"http:\/\/www.ondasdeltonusco.com\/en\/investigan-la-muerte-de-mujer-hallada-en-tanque-de-agua-en-ebejico-antioquia\/\" \/>\n<meta property=\"og:site_name\" content=\"Ondas Del Tonusco\" \/>\n<meta property=\"article:published_time\" content=\"2023-07-10T15:25:41+00:00\" \/>\n<meta property=\"og:image\" content=\"http:\/\/www.ondasdeltonusco.com\/wp-content\/uploads\/2023\/07\/whatsapp_image_2023-07-10_at_5.42.37_am_0.jpeg\" \/>\n\t<meta property=\"og:image:width\" content=\"753\" \/>\n\t<meta property=\"og:image:height\" content=\"511\" \/>\n<meta name=\"twitter:card\" content=\"summary_large_image\" \/>\n<meta name=\"twitter:label1\" content=\"Est. reading time\" \/>\n\t<meta name=\"twitter:data1\" content=\"1 minute\" \/>\n<script type=\"application\/ld+json\" class=\"yoast-schema-graph\">{\"@context\":\"https:\/\/schema.org\",\"@graph\":[{\"@type\":\"WebSite\",\"@id\":\"https:\/\/www.ondasdeltonusco.com\/#website\",\"url\":\"https:\/\/www.ondasdeltonusco.com\/\",\"name\":\"Ondas Del Tonusco\",\"description\":\"104.4 FM\",\"potentialAction\":[{\"@type\":\"SearchAction\",\"target\":\"https:\/\/www.ondasdeltonusco.com\/?s={search_term_string}\",\"query-input\":\"required name=search_term_string\"}],\"inLanguage\":\"en-US\"},{\"@type\":\"ImageObject\",\"@id\":\"https:\/\/www.ondasdeltonusco.com\/investigan-la-muerte-de-mujer-hallada-en-tanque-de-agua-en-ebejico-antioquia\/#primaryimage\",\"inLanguage\":\"en-US\",\"url\":\"http:\/\/www.ondasdeltonusco.com\/wp-content\/uploads\/2023\/07\/whatsapp_image_2023-07-10_at_5.42.37_am_0.jpeg\",\"contentUrl\":\"http:\/\/www.ondasdeltonusco.com\/wp-content\/uploads\/2023\/07\/whatsapp_image_2023-07-10_at_5.42.37_am_0.jpeg\",\"width\":753,\"height\":511},{\"@type\":\"WebPage\",\"@id\":\"https:\/\/www.ondasdeltonusco.com\/investigan-la-muerte-de-mujer-hallada-en-tanque-de-agua-en-ebejico-antioquia\/#webpage\",\"url\":\"https:\/\/www.ondasdeltonusco.com\/investigan-la-muerte-de-mujer-hallada-en-tanque-de-agua-en-ebejico-antioquia\/\",\"name\":\"Investigan la muerte de mujer hallada en tanque de agua en Eb\\u00e9jico, Antioquia - Ondas Del Tonusco\",\"isPartOf\":{\"@id\":\"https:\/\/www.ondasdeltonusco.com\/#website\"},\"primaryImageOfPage\":{\"@id\":\"https:\/\/www.ondasdeltonusco.com\/investigan-la-muerte-de-mujer-hallada-en-tanque-de-agua-en-ebejico-antioquia\/#primaryimage\"},\"datePublished\":\"2023-07-10T15:25:41+00:00\",\"dateModified\":\"2023-07-10T15:25:41+00:00\",\"author\":{\"@id\":\"https:\/\/www.ondasdeltonusco.com\/#\/schema\/person\/f6c68a6aa85afcc9c7f8070b570b1ab5\"},\"breadcrumb\":{\"@id\":\"https:\/\/www.ondasdeltonusco.com\/investigan-la-muerte-de-mujer-hallada-en-tanque-de-agua-en-ebejico-antioquia\/#breadcrumb\"},\"inLanguage\":\"en-US\",\"potentialAction\":[{\"@type\":\"ReadAction\",\"target\":[\"https:\/\/www.ondasdeltonusco.com\/investigan-la-muerte-de-mujer-hallada-en-tanque-de-agua-en-ebejico-antioquia\/\"]}]},{\"@type\":\"BreadcrumbList\",\"@id\":\"https:\/\/www.ondasdeltonusco.com\/investigan-la-muerte-de-mujer-hallada-en-tanque-de-agua-en-ebejico-antioquia\/#breadcrumb\",\"itemListElement\":[{\"@type\":\"ListItem\",\"position\":1,\"item\":{\"@type\":\"WebPage\",\"@id\":\"https:\/\/www.ondasdeltonusco.com\/\",\"url\":\"https:\/\/www.ondasdeltonusco.com\/\",\"name\":\"Home\"}},{\"@type\":\"ListItem\",\"position\":2,\"item\":{\"@id\":\"https:\/\/www.ondasdeltonusco.com\/investigan-la-muerte-de-mujer-hallada-en-tanque-de-agua-en-ebejico-antioquia\/#webpage\"}}]},{\"@type\":\"Person\",\"@id\":\"https:\/\/www.ondasdeltonusco.com\/#\/schema\/person\/f6c68a6aa85afcc9c7f8070b570b1ab5\",\"name\":\"WebTeam\",\"url\":\"http:\/\/www.ondasdeltonusco.com\/en\/author\/webteam\/\"}]}<\/script>\n<!-- \/ Yoast SEO plugin. -->","_links":{"self":[{"href":"http:\/\/www.ondasdeltonusco.com\/en\/wp-json\/wp\/v2\/posts\/9233"}],"collection":[{"href":"http:\/\/www.ondasdeltonusco.com\/en\/wp-json\/wp\/v2\/posts"}],"about":[{"href":"http:\/\/www.ondasdeltonusco.com\/en\/wp-json\/wp\/v2\/types\/post"}],"author":[{"embeddable":true,"href":"http:\/\/www.ondasdeltonusco.com\/en\/wp-json\/wp\/v2\/users\/1"}],"replies":[{"embeddable":true,"href":"http:\/\/www.ondasdeltonusco.com\/en\/wp-json\/wp\/v2\/comments?post=9233"}],"version-history":[{"count":1,"href":"http:\/\/www.ondasdeltonusco.com\/en\/wp-json\/wp\/v2\/posts\/9233\/revisions"}],"predecessor-version":[{"id":9235,"href":"http:\/\/www.ondasdeltonusco.com\/en\/wp-json\/wp\/v2\/posts\/9233\/revisions\/9235"}],"wp:featuredmedia":[{"embeddable":true,"href":"http:\/\/www.ondasdeltonusco.com\/en\/wp-json\/wp\/v2\/media\/9234"}],"wp:attachment":[{"href":"http:\/\/www.ondasdeltonusco.com\/en\/wp-json\/wp\/v2\/media?parent=9233"}],"wp:term":[{"taxonomy":"category","embeddable":true,"href":"http:\/\/www.ondasdeltonusco.com\/en\/wp-json\/wp\/v2\/categories?post=9233"},{"taxonomy":"post_tag","embeddable":true,"href":"http:\/\/www.ondasdeltonusco.com\/en\/wp-json\/wp\/v2\/tags?post=9233"}],"curies":[{"name":"wp","href":"https:\/\/api.w.org\/{rel}","templated":true}]}}