{"id":9048,"date":"2023-03-21T10:34:40","date_gmt":"2023-03-21T15:34:40","guid":{"rendered":"https:\/\/www.ondasdeltonusco.com\/?p=9048"},"modified":"2023-03-21T10:34:40","modified_gmt":"2023-03-21T15:34:40","slug":"perro-arrepentido-el-video-de-olga-tanon-grabado-en-santafe-de-antioquia","status":"publish","type":"post","link":"http:\/\/www.ondasdeltonusco.com\/en\/perro-arrepentido-el-video-de-olga-tanon-grabado-en-santafe-de-antioquia\/","title":{"rendered":"&#8220;Perro Arrepentido&#8221; El video de Olga Ta\u00f1\u00f3n grabado en Santaf\u00e9 de Antioquia."},"content":{"rendered":"<div class=\"x11i5rnm xat24cr x1mh8g0r x1vvkbs xdj266r x126k92a\">\n<div dir=\"auto\">La cantante puertorrique\u00f1a <span class=\"xt0psk2\">Olga Ta\u00f1\u00f3n<\/span>\u00a0estren\u00f3 su canci\u00f3n &#8220;Perro Arrepentido&#8221; cuyo video oficial fue grabado en las calles de nuestra emblem\u00e1tica Ciudad Madre.<\/div>\n<\/div>\n<div class=\"x11i5rnm xat24cr x1mh8g0r x1vvkbs xtlvy1s x126k92a\">\n<div dir=\"auto\">La canci\u00f3n tiene ritmos de tropipop, caribe\u00f1o con algunos acordes de vallenato gracias a la presencia del acorde\u00f3n en sus notas.<\/p>\n<p>Aqu\u00ed dejamos el video oficial de Perro Arrepentido de Olga Ta\u00f1\u00f3n.<\/p><\/div>\n<div dir=\"auto\"><\/div>\n<div dir=\"auto\">\n<p><iframe loading=\"lazy\" title=\"Olga Ta\u00f1on - Perro Arrepentido (Official Video)\" width=\"1170\" height=\"658\" src=\"https:\/\/www.youtube.com\/embed\/ZWVgDAbc-9A?feature=oembed\" frameborder=\"0\" allow=\"accelerometer; autoplay; clipboard-write; encrypted-media; gyroscope; picture-in-picture; web-share\" allowfullscreen><\/iframe><\/p>\n<\/div>\n<\/div>","protected":false},"excerpt":{"rendered":"<p>La cantante puertorrique\u00f1a Olga Ta\u00f1\u00f3n\u00a0estren\u00f3 su canci\u00f3n &#8220;Perro Arrepentido&#8221; cuyo video oficial fue grabado en las calles de nuestra emblem\u00e1tica Ciudad Madre. La canci\u00f3n tiene ritmos de tropipop, caribe\u00f1o con algunos acordes de vallenato gracias a la presencia del acorde\u00f3n en sus notas. Aqu\u00ed dejamos el video oficial de Perro Arrepentido de Olga Ta\u00f1\u00f3n.<\/p>","protected":false},"author":1,"featured_media":9050,"comment_status":"closed","ping_status":"closed","sticky":false,"template":"","format":"standard","meta":[],"categories":[477,561],"tags":[],"yoast_head":"<!-- This site is optimized with the Yoast SEO plugin v16.4 - https:\/\/yoast.com\/wordpress\/plugins\/seo\/ -->\n<title>&quot;Perro Arrepentido&quot; El video de Olga Ta\u00f1\u00f3n grabado en Santaf\u00e9 de Antioquia. - Ondas Del Tonusco<\/title>\n<meta name=\"robots\" content=\"index, follow, max-snippet:-1, max-image-preview:large, max-video-preview:-1\" \/>\n<link rel=\"canonical\" href=\"http:\/\/www.ondasdeltonusco.com\/en\/perro-arrepentido-el-video-de-olga-tanon-grabado-en-santafe-de-antioquia\/\" \/>\n<meta property=\"og:locale\" content=\"en_US\" \/>\n<meta property=\"og:type\" content=\"article\" \/>\n<meta property=\"og:title\" content=\"&quot;Perro Arrepentido&quot; El video de Olga Ta\u00f1\u00f3n grabado en Santaf\u00e9 de Antioquia. - Ondas Del Tonusco\" \/>\n<meta property=\"og:description\" content=\"La cantante puertorrique\u00f1a Olga Ta\u00f1\u00f3n\u00a0estren\u00f3 su canci\u00f3n &#8220;Perro Arrepentido&#8221; cuyo video oficial fue grabado en las calles de nuestra emblem\u00e1tica Ciudad Madre. La canci\u00f3n tiene ritmos de tropipop, caribe\u00f1o con algunos acordes de vallenato gracias a la presencia del acorde\u00f3n en sus notas. Aqu\u00ed dejamos el video oficial de Perro Arrepentido de Olga Ta\u00f1\u00f3n.\" \/>\n<meta property=\"og:url\" content=\"http:\/\/www.ondasdeltonusco.com\/en\/perro-arrepentido-el-video-de-olga-tanon-grabado-en-santafe-de-antioquia\/\" \/>\n<meta property=\"og:site_name\" content=\"Ondas Del Tonusco\" \/>\n<meta property=\"article:published_time\" content=\"2023-03-21T15:34:40+00:00\" \/>\n<meta property=\"og:image\" content=\"http:\/\/www.ondasdeltonusco.com\/wp-content\/uploads\/2023\/03\/Captura-de-pantalla-2023-03-21-103240-1024x504.png\" \/>\n\t<meta property=\"og:image:width\" content=\"1024\" \/>\n\t<meta property=\"og:image:height\" content=\"504\" \/>\n<meta name=\"twitter:card\" content=\"summary_large_image\" \/>\n<meta name=\"twitter:label1\" content=\"Est. reading time\" \/>\n\t<meta name=\"twitter:data1\" content=\"1 minute\" \/>\n<script type=\"application\/ld+json\" class=\"yoast-schema-graph\">{\"@context\":\"https:\/\/schema.org\",\"@graph\":[{\"@type\":\"WebSite\",\"@id\":\"https:\/\/www.ondasdeltonusco.com\/#website\",\"url\":\"https:\/\/www.ondasdeltonusco.com\/\",\"name\":\"Ondas Del Tonusco\",\"description\":\"104.4 FM\",\"potentialAction\":[{\"@type\":\"SearchAction\",\"target\":\"https:\/\/www.ondasdeltonusco.com\/?s={search_term_string}\",\"query-input\":\"required name=search_term_string\"}],\"inLanguage\":\"en-US\"},{\"@type\":\"ImageObject\",\"@id\":\"http:\/\/www.ondasdeltonusco.com\/perro-arrepentido-el-video-de-olga-tanon-grabado-en-santafe-de-antioquia\/#primaryimage\",\"inLanguage\":\"en-US\",\"url\":\"http:\/\/www.ondasdeltonusco.com\/wp-content\/uploads\/2023\/03\/Captura-de-pantalla-2023-03-21-103240.png\",\"contentUrl\":\"http:\/\/www.ondasdeltonusco.com\/wp-content\/uploads\/2023\/03\/Captura-de-pantalla-2023-03-21-103240.png\",\"width\":1840,\"height\":906},{\"@type\":\"WebPage\",\"@id\":\"http:\/\/www.ondasdeltonusco.com\/perro-arrepentido-el-video-de-olga-tanon-grabado-en-santafe-de-antioquia\/#webpage\",\"url\":\"http:\/\/www.ondasdeltonusco.com\/perro-arrepentido-el-video-de-olga-tanon-grabado-en-santafe-de-antioquia\/\",\"name\":\"\\\"Perro Arrepentido\\\" El video de Olga Ta\\u00f1\\u00f3n grabado en Santaf\\u00e9 de Antioquia. - Ondas Del Tonusco\",\"isPartOf\":{\"@id\":\"https:\/\/www.ondasdeltonusco.com\/#website\"},\"primaryImageOfPage\":{\"@id\":\"http:\/\/www.ondasdeltonusco.com\/perro-arrepentido-el-video-de-olga-tanon-grabado-en-santafe-de-antioquia\/#primaryimage\"},\"datePublished\":\"2023-03-21T15:34:40+00:00\",\"dateModified\":\"2023-03-21T15:34:40+00:00\",\"author\":{\"@id\":\"https:\/\/www.ondasdeltonusco.com\/#\/schema\/person\/f6c68a6aa85afcc9c7f8070b570b1ab5\"},\"breadcrumb\":{\"@id\":\"http:\/\/www.ondasdeltonusco.com\/perro-arrepentido-el-video-de-olga-tanon-grabado-en-santafe-de-antioquia\/#breadcrumb\"},\"inLanguage\":\"en-US\",\"potentialAction\":[{\"@type\":\"ReadAction\",\"target\":[\"http:\/\/www.ondasdeltonusco.com\/perro-arrepentido-el-video-de-olga-tanon-grabado-en-santafe-de-antioquia\/\"]}]},{\"@type\":\"BreadcrumbList\",\"@id\":\"http:\/\/www.ondasdeltonusco.com\/perro-arrepentido-el-video-de-olga-tanon-grabado-en-santafe-de-antioquia\/#breadcrumb\",\"itemListElement\":[{\"@type\":\"ListItem\",\"position\":1,\"item\":{\"@type\":\"WebPage\",\"@id\":\"https:\/\/www.ondasdeltonusco.com\/\",\"url\":\"https:\/\/www.ondasdeltonusco.com\/\",\"name\":\"Home\"}},{\"@type\":\"ListItem\",\"position\":2,\"item\":{\"@id\":\"http:\/\/www.ondasdeltonusco.com\/perro-arrepentido-el-video-de-olga-tanon-grabado-en-santafe-de-antioquia\/#webpage\"}}]},{\"@type\":\"Person\",\"@id\":\"https:\/\/www.ondasdeltonusco.com\/#\/schema\/person\/f6c68a6aa85afcc9c7f8070b570b1ab5\",\"name\":\"WebTeam\",\"url\":\"http:\/\/www.ondasdeltonusco.com\/en\/author\/webteam\/\"}]}<\/script>\n<!-- \/ Yoast SEO plugin. -->","_links":{"self":[{"href":"http:\/\/www.ondasdeltonusco.com\/en\/wp-json\/wp\/v2\/posts\/9048"}],"collection":[{"href":"http:\/\/www.ondasdeltonusco.com\/en\/wp-json\/wp\/v2\/posts"}],"about":[{"href":"http:\/\/www.ondasdeltonusco.com\/en\/wp-json\/wp\/v2\/types\/post"}],"author":[{"embeddable":true,"href":"http:\/\/www.ondasdeltonusco.com\/en\/wp-json\/wp\/v2\/users\/1"}],"replies":[{"embeddable":true,"href":"http:\/\/www.ondasdeltonusco.com\/en\/wp-json\/wp\/v2\/comments?post=9048"}],"version-history":[{"count":2,"href":"http:\/\/www.ondasdeltonusco.com\/en\/wp-json\/wp\/v2\/posts\/9048\/revisions"}],"predecessor-version":[{"id":9051,"href":"http:\/\/www.ondasdeltonusco.com\/en\/wp-json\/wp\/v2\/posts\/9048\/revisions\/9051"}],"wp:featuredmedia":[{"embeddable":true,"href":"http:\/\/www.ondasdeltonusco.com\/en\/wp-json\/wp\/v2\/media\/9050"}],"wp:attachment":[{"href":"http:\/\/www.ondasdeltonusco.com\/en\/wp-json\/wp\/v2\/media?parent=9048"}],"wp:term":[{"taxonomy":"category","embeddable":true,"href":"http:\/\/www.ondasdeltonusco.com\/en\/wp-json\/wp\/v2\/categories?post=9048"},{"taxonomy":"post_tag","embeddable":true,"href":"http:\/\/www.ondasdeltonusco.com\/en\/wp-json\/wp\/v2\/tags?post=9048"}],"curies":[{"name":"wp","href":"https:\/\/api.w.org\/{rel}","templated":true}]}}