{"id":8949,"date":"2022-11-05T09:04:10","date_gmt":"2022-11-05T14:04:10","guid":{"rendered":"https:\/\/www.ondasdeltonusco.com\/?p=8949"},"modified":"2022-11-05T09:39:57","modified_gmt":"2022-11-05T14:39:57","slug":"los-polemicos-comentarios-de-kanye-west-que-le-costaron-un-millonario-contrato-con-adidas","status":"publish","type":"post","link":"http:\/\/www.ondasdeltonusco.com\/en\/los-polemicos-comentarios-de-kanye-west-que-le-costaron-un-millonario-contrato-con-adidas\/","title":{"rendered":"Los pol\u00e9micos comentarios de Kanye West que le costaron un millonario contrato con Adidas"},"content":{"rendered":"<p><img decoding=\"async\" loading=\"lazy\" class=\"alignnone size-full\" src=\"https:\/\/ichef.bbci.co.uk\/news\/800\/cpsprodpb\/519C\/production\/_127329802_mediaitem127329801.jpg.webp\" width=\"800\" height=\"450\" \/><\/p>\n<p>&nbsp;<\/p>\n<p>Kanye West vuelve a estar en la mira del ojo p\u00fablico, una vez m\u00e1s por sus pol\u00e9micos comentarios;<br \/>\nEste martes el gigante de indumentaria deportiva Adidas anunci\u00f3 la finalizaci\u00f3n del contrato con Ye, como es conocido el rapero, alegando que &#8220;no tolera el antisemitismo y cualquier otro tipo de discurso de odio&#8221;.<\/p>\n<div>\n<p>El m\u00fasico y la firma trabajaban juntos bajo la\u00a0<b>marca Yeezy<\/b>, pero la empresa ya puso la colaboraci\u00f3n bajo revisi\u00f3n hace unas semanas despu\u00e9s de que Ye utilizara una camiseta con la leyenda\u00a0<i>White Lives Matter<\/i> (&#8220;las vidas blancas importan&#8221;, en alusi\u00f3n al movimiento <i>Black Lives Matter<\/i>) en un escenario de la Semana de la Moda de Par\u00eds.<\/p>\n<\/div>\n<div>\n<p>D\u00edas despu\u00e9s, el rapero lanz\u00f3 comentarios antisemitas en sus redes sociales y otros medios.<\/p>\n<\/div>\n<div>\n<p>Fue entonces cuando Adidas decidi\u00f3 que los productos relacionados con el rapero sean retirados de la venta con efecto inmediato.<\/p>\n<\/div>","protected":false},"excerpt":{"rendered":"<p>&nbsp; Kanye West vuelve a estar en la mira del ojo p\u00fablico, una vez m\u00e1s por sus pol\u00e9micos comentarios; Este martes el gigante de indumentaria deportiva Adidas anunci\u00f3 la finalizaci\u00f3n del contrato con Ye, como es conocido el rapero, alegando que &#8220;no tolera el antisemitismo y cualquier otro tipo de discurso de odio&#8221;. El m\u00fasico [&hellip;]<\/p>","protected":false},"author":1,"featured_media":8965,"comment_status":"closed","ping_status":"closed","sticky":false,"template":"","format":"standard","meta":[],"categories":[477],"tags":[],"yoast_head":"<!-- This site is optimized with the Yoast SEO plugin v16.4 - https:\/\/yoast.com\/wordpress\/plugins\/seo\/ -->\n<title>Los pol\u00e9micos comentarios de Kanye West que le costaron un millonario contrato con Adidas - Ondas Del Tonusco<\/title>\n<meta name=\"robots\" content=\"index, follow, max-snippet:-1, max-image-preview:large, max-video-preview:-1\" \/>\n<link rel=\"canonical\" href=\"http:\/\/www.ondasdeltonusco.com\/en\/los-polemicos-comentarios-de-kanye-west-que-le-costaron-un-millonario-contrato-con-adidas\/\" \/>\n<meta property=\"og:locale\" content=\"en_US\" \/>\n<meta property=\"og:type\" content=\"article\" \/>\n<meta property=\"og:title\" content=\"Los pol\u00e9micos comentarios de Kanye West que le costaron un millonario contrato con Adidas - Ondas Del Tonusco\" \/>\n<meta property=\"og:description\" content=\"&nbsp; Kanye West vuelve a estar en la mira del ojo p\u00fablico, una vez m\u00e1s por sus pol\u00e9micos comentarios; Este martes el gigante de indumentaria deportiva Adidas anunci\u00f3 la finalizaci\u00f3n del contrato con Ye, como es conocido el rapero, alegando que &#8220;no tolera el antisemitismo y cualquier otro tipo de discurso de odio&#8221;. El m\u00fasico [&hellip;]\" \/>\n<meta property=\"og:url\" content=\"http:\/\/www.ondasdeltonusco.com\/en\/los-polemicos-comentarios-de-kanye-west-que-le-costaron-un-millonario-contrato-con-adidas\/\" \/>\n<meta property=\"og:site_name\" content=\"Ondas Del Tonusco\" \/>\n<meta property=\"article:published_time\" content=\"2022-11-05T14:04:10+00:00\" \/>\n<meta property=\"article:modified_time\" content=\"2022-11-05T14:39:57+00:00\" \/>\n<meta property=\"og:image\" content=\"http:\/\/www.ondasdeltonusco.com\/wp-content\/uploads\/2022\/10\/kanye-west-adidas-contrat-fin.jpg\" \/>\n\t<meta property=\"og:image:width\" content=\"1080\" \/>\n\t<meta property=\"og:image:height\" content=\"648\" \/>\n<meta name=\"twitter:card\" content=\"summary_large_image\" \/>\n<meta name=\"twitter:label1\" content=\"Est. reading time\" \/>\n\t<meta name=\"twitter:data1\" content=\"1 minute\" \/>\n<script type=\"application\/ld+json\" class=\"yoast-schema-graph\">{\"@context\":\"https:\/\/schema.org\",\"@graph\":[{\"@type\":\"WebSite\",\"@id\":\"https:\/\/www.ondasdeltonusco.com\/#website\",\"url\":\"https:\/\/www.ondasdeltonusco.com\/\",\"name\":\"Ondas Del Tonusco\",\"description\":\"104.4 FM\",\"potentialAction\":[{\"@type\":\"SearchAction\",\"target\":\"https:\/\/www.ondasdeltonusco.com\/?s={search_term_string}\",\"query-input\":\"required name=search_term_string\"}],\"inLanguage\":\"en-US\"},{\"@type\":\"ImageObject\",\"@id\":\"http:\/\/www.ondasdeltonusco.com\/en\/los-polemicos-comentarios-de-kanye-west-que-le-costaron-un-millonario-contrato-con-adidas\/#primaryimage\",\"inLanguage\":\"en-US\",\"url\":\"http:\/\/www.ondasdeltonusco.com\/wp-content\/uploads\/2022\/10\/kanye-west-adidas-contrat-fin.jpg\",\"contentUrl\":\"http:\/\/www.ondasdeltonusco.com\/wp-content\/uploads\/2022\/10\/kanye-west-adidas-contrat-fin.jpg\",\"width\":1080,\"height\":648},{\"@type\":\"WebPage\",\"@id\":\"http:\/\/www.ondasdeltonusco.com\/en\/los-polemicos-comentarios-de-kanye-west-que-le-costaron-un-millonario-contrato-con-adidas\/#webpage\",\"url\":\"http:\/\/www.ondasdeltonusco.com\/en\/los-polemicos-comentarios-de-kanye-west-que-le-costaron-un-millonario-contrato-con-adidas\/\",\"name\":\"Los pol\\u00e9micos comentarios de Kanye West que le costaron un millonario contrato con Adidas - Ondas Del Tonusco\",\"isPartOf\":{\"@id\":\"https:\/\/www.ondasdeltonusco.com\/#website\"},\"primaryImageOfPage\":{\"@id\":\"http:\/\/www.ondasdeltonusco.com\/en\/los-polemicos-comentarios-de-kanye-west-que-le-costaron-un-millonario-contrato-con-adidas\/#primaryimage\"},\"datePublished\":\"2022-11-05T14:04:10+00:00\",\"dateModified\":\"2022-11-05T14:39:57+00:00\",\"author\":{\"@id\":\"https:\/\/www.ondasdeltonusco.com\/#\/schema\/person\/f6c68a6aa85afcc9c7f8070b570b1ab5\"},\"breadcrumb\":{\"@id\":\"http:\/\/www.ondasdeltonusco.com\/en\/los-polemicos-comentarios-de-kanye-west-que-le-costaron-un-millonario-contrato-con-adidas\/#breadcrumb\"},\"inLanguage\":\"en-US\",\"potentialAction\":[{\"@type\":\"ReadAction\",\"target\":[\"http:\/\/www.ondasdeltonusco.com\/en\/los-polemicos-comentarios-de-kanye-west-que-le-costaron-un-millonario-contrato-con-adidas\/\"]}]},{\"@type\":\"BreadcrumbList\",\"@id\":\"http:\/\/www.ondasdeltonusco.com\/en\/los-polemicos-comentarios-de-kanye-west-que-le-costaron-un-millonario-contrato-con-adidas\/#breadcrumb\",\"itemListElement\":[{\"@type\":\"ListItem\",\"position\":1,\"item\":{\"@type\":\"WebPage\",\"@id\":\"https:\/\/www.ondasdeltonusco.com\/\",\"url\":\"https:\/\/www.ondasdeltonusco.com\/\",\"name\":\"Home\"}},{\"@type\":\"ListItem\",\"position\":2,\"item\":{\"@id\":\"http:\/\/www.ondasdeltonusco.com\/en\/los-polemicos-comentarios-de-kanye-west-que-le-costaron-un-millonario-contrato-con-adidas\/#webpage\"}}]},{\"@type\":\"Person\",\"@id\":\"https:\/\/www.ondasdeltonusco.com\/#\/schema\/person\/f6c68a6aa85afcc9c7f8070b570b1ab5\",\"name\":\"WebTeam\",\"url\":\"http:\/\/www.ondasdeltonusco.com\/en\/author\/webteam\/\"}]}<\/script>\n<!-- \/ Yoast SEO plugin. -->","_links":{"self":[{"href":"http:\/\/www.ondasdeltonusco.com\/en\/wp-json\/wp\/v2\/posts\/8949"}],"collection":[{"href":"http:\/\/www.ondasdeltonusco.com\/en\/wp-json\/wp\/v2\/posts"}],"about":[{"href":"http:\/\/www.ondasdeltonusco.com\/en\/wp-json\/wp\/v2\/types\/post"}],"author":[{"embeddable":true,"href":"http:\/\/www.ondasdeltonusco.com\/en\/wp-json\/wp\/v2\/users\/1"}],"replies":[{"embeddable":true,"href":"http:\/\/www.ondasdeltonusco.com\/en\/wp-json\/wp\/v2\/comments?post=8949"}],"version-history":[{"count":3,"href":"http:\/\/www.ondasdeltonusco.com\/en\/wp-json\/wp\/v2\/posts\/8949\/revisions"}],"predecessor-version":[{"id":8952,"href":"http:\/\/www.ondasdeltonusco.com\/en\/wp-json\/wp\/v2\/posts\/8949\/revisions\/8952"}],"wp:featuredmedia":[{"embeddable":true,"href":"http:\/\/www.ondasdeltonusco.com\/en\/wp-json\/wp\/v2\/media\/8965"}],"wp:attachment":[{"href":"http:\/\/www.ondasdeltonusco.com\/en\/wp-json\/wp\/v2\/media?parent=8949"}],"wp:term":[{"taxonomy":"category","embeddable":true,"href":"http:\/\/www.ondasdeltonusco.com\/en\/wp-json\/wp\/v2\/categories?post=8949"},{"taxonomy":"post_tag","embeddable":true,"href":"http:\/\/www.ondasdeltonusco.com\/en\/wp-json\/wp\/v2\/tags?post=8949"}],"curies":[{"name":"wp","href":"https:\/\/api.w.org\/{rel}","templated":true}]}}