{"id":8181,"date":"2021-06-30T15:35:59","date_gmt":"2021-06-30T20:35:59","guid":{"rendered":"http:\/\/www.ondasdeltonusco.com\/?p=8181"},"modified":"2021-06-30T15:35:59","modified_gmt":"2021-06-30T20:35:59","slug":"desempleo-en-colombia-cayo-58-en-mayo-pasado-respecto-de-igual-mes-en-2020","status":"publish","type":"post","link":"http:\/\/www.ondasdeltonusco.com\/en\/desempleo-en-colombia-cayo-58-en-mayo-pasado-respecto-de-igual-mes-en-2020\/","title":{"rendered":"Desempleo en Colombia cay\u00f3 5,8 % en mayo pasado, respecto de igual mes en 2020"},"content":{"rendered":"<p>En relaci\u00f3n con mayo del 2019, la cifra de desempleo este a\u00f1o fue 5,1 % mayor (en mayo del 2019 la cifra fue de 10,5 %), inform\u00f3 el Dane, mientras que comparado con abril, el \u00edndice de mayo fue 0,5 % m\u00e1s alto.<\/p>\n<p>En mayo de 2021, las personas con empleo sumaron 20,5 millones, 3,2 millones m\u00e1s que en el 2020, aunque 1,7 millones menos que en 2019, antes de la pandemia.<\/p>\n<p>As\u00ed registr\u00f3 el portal especializado Data iFX la noticia:<\/p>\n<blockquote class=\"twitter-tweet\" data-width=\"550\" data-dnt=\"true\">\n<p lang=\"es\" dir=\"ltr\">ATENCI\u00d3N COLOMBIA &#8211; <a href=\"https:\/\/twitter.com\/hashtag\/LiveDataiFX?src=hash&amp;ref_src=twsrc%5Etfw\">#LiveDataiFX<\/a>  En mayo 2021 desempleo en Colombia fue de 15,6% cifra inferior al m\u00e1ximo de 21,4% registrado en igual mes de 2020 <a href=\"https:\/\/t.co\/Lk6E8kzNBx\">https:\/\/t.co\/Lk6E8kzNBx<\/a> <a href=\"https:\/\/twitter.com\/DANE_Colombia?ref_src=twsrc%5Etfw\">@DANE_Colombia<\/a> <a href=\"https:\/\/twitter.com\/jdoviedoa?ref_src=twsrc%5Etfw\">@jdoviedoa<\/a> <a href=\"https:\/\/twitter.com\/MintrabajoCol?ref_src=twsrc%5Etfw\">@MintrabajoCol<\/a> <a href=\"https:\/\/twitter.com\/IvanDuque?ref_src=twsrc%5Etfw\">@IvanDuque<\/a> <a href=\"https:\/\/twitter.com\/hashtag\/COVID19?src=hash&amp;ref_src=twsrc%5Etfw\">#COVID19<\/a> <a href=\"https:\/\/twitter.com\/hashtag\/ParoNacional?src=hash&amp;ref_src=twsrc%5Etfw\">#ParoNacional<\/a><\/p>\n<p>&mdash; DATAiFX (@dataiFX) <a href=\"https:\/\/twitter.com\/dataiFX\/status\/1410267348448202754?ref_src=twsrc%5Etfw\">June 30, 2021<\/a><\/p><\/blockquote>\n<p><script async src=\"https:\/\/platform.twitter.com\/widgets.js\" charset=\"utf-8\"><\/script><\/p>\n<p>Seg\u00fan el Dane, los sectores que m\u00e1s contribuyeron a la recuperaci\u00f3n de empleos en mayo pasado fueron el comercio, la construcci\u00f3n y las industrias manufactureras.<\/p>\n<p>El paro nacional en Colombia, con los consecuentes bloqueos de v\u00edas, m\u00e1s el tercer pico de la pandemia de COVID-19 habr\u00edan pesado para que la cifra no fuera m\u00e1s baja y se acercara m\u00e1s a los niveles registrados en el 2019.<\/p>\n<p><span style=\"color: #808080;\">Fuentes Consultadas:&nbsp;<a class=\"fasc-button fasc-size-medium fasc-type-flat fasc-ico-before dashicons-media-text\" style=\"background-color: #242424; color: #ffffff;\" target=\"_blank\" href=\"https:\/\/twitter.com\/dataiFX\/status\/1410267348448202754\" rel=\"noopener\">Data IFX<\/a><\/span><\/p>","protected":false},"excerpt":{"rendered":"<p>En relaci\u00f3n con mayo del 2019, la cifra de desempleo este a\u00f1o fue 5,1 % mayor (en mayo del 2019 la cifra fue de 10,5 %), inform\u00f3 el Dane, mientras que comparado con abril, el \u00edndice de mayo fue 0,5 % m\u00e1s alto. En mayo de 2021, las personas con empleo sumaron 20,5 millones, 3,2 [&hellip;]<\/p>","protected":false},"author":1,"featured_media":8182,"comment_status":"closed","ping_status":"closed","sticky":false,"template":"","format":"standard","meta":[],"categories":[392,368],"tags":[],"yoast_head":"<!-- This site is optimized with the Yoast SEO plugin v16.4 - https:\/\/yoast.com\/wordpress\/plugins\/seo\/ -->\n<title>Desempleo en Colombia cay\u00f3 5,8 % en mayo pasado, respecto de igual mes en 2020 - Ondas Del Tonusco<\/title>\n<meta name=\"robots\" content=\"index, follow, max-snippet:-1, max-image-preview:large, max-video-preview:-1\" \/>\n<link rel=\"canonical\" href=\"http:\/\/www.ondasdeltonusco.com\/en\/desempleo-en-colombia-cayo-58-en-mayo-pasado-respecto-de-igual-mes-en-2020\/\" \/>\n<meta property=\"og:locale\" content=\"en_US\" \/>\n<meta property=\"og:type\" content=\"article\" \/>\n<meta property=\"og:title\" content=\"Desempleo en Colombia cay\u00f3 5,8 % en mayo pasado, respecto de igual mes en 2020 - Ondas Del Tonusco\" \/>\n<meta property=\"og:description\" content=\"En relaci\u00f3n con mayo del 2019, la cifra de desempleo este a\u00f1o fue 5,1 % mayor (en mayo del 2019 la cifra fue de 10,5 %), inform\u00f3 el Dane, mientras que comparado con abril, el \u00edndice de mayo fue 0,5 % m\u00e1s alto. En mayo de 2021, las personas con empleo sumaron 20,5 millones, 3,2 [&hellip;]\" \/>\n<meta property=\"og:url\" content=\"http:\/\/www.ondasdeltonusco.com\/en\/desempleo-en-colombia-cayo-58-en-mayo-pasado-respecto-de-igual-mes-en-2020\/\" \/>\n<meta property=\"og:site_name\" content=\"Ondas Del Tonusco\" \/>\n<meta property=\"article:published_time\" content=\"2021-06-30T20:35:59+00:00\" \/>\n<meta property=\"og:image\" content=\"http:\/\/www.ondasdeltonusco.com\/wp-content\/uploads\/2021\/06\/hennie-stander-1_52Tf_UTLc-unsplash.jpg\" \/>\n\t<meta property=\"og:image:width\" content=\"640\" \/>\n\t<meta property=\"og:image:height\" content=\"427\" \/>\n<meta name=\"twitter:card\" content=\"summary_large_image\" \/>\n<meta name=\"twitter:label1\" content=\"Est. reading time\" \/>\n\t<meta name=\"twitter:data1\" content=\"1 minute\" \/>\n<script type=\"application\/ld+json\" class=\"yoast-schema-graph\">{\"@context\":\"https:\/\/schema.org\",\"@graph\":[{\"@type\":\"WebSite\",\"@id\":\"https:\/\/www.ondasdeltonusco.com\/#website\",\"url\":\"https:\/\/www.ondasdeltonusco.com\/\",\"name\":\"Ondas Del Tonusco\",\"description\":\"104.4 FM\",\"potentialAction\":[{\"@type\":\"SearchAction\",\"target\":\"https:\/\/www.ondasdeltonusco.com\/?s={search_term_string}\",\"query-input\":\"required name=search_term_string\"}],\"inLanguage\":\"en-US\"},{\"@type\":\"ImageObject\",\"@id\":\"http:\/\/www.ondasdeltonusco.com\/desempleo-en-colombia-cayo-58-en-mayo-pasado-respecto-de-igual-mes-en-2020\/#primaryimage\",\"inLanguage\":\"en-US\",\"url\":\"http:\/\/www.ondasdeltonusco.com\/wp-content\/uploads\/2021\/06\/hennie-stander-1_52Tf_UTLc-unsplash.jpg\",\"contentUrl\":\"http:\/\/www.ondasdeltonusco.com\/wp-content\/uploads\/2021\/06\/hennie-stander-1_52Tf_UTLc-unsplash.jpg\",\"width\":640,\"height\":427},{\"@type\":\"WebPage\",\"@id\":\"http:\/\/www.ondasdeltonusco.com\/desempleo-en-colombia-cayo-58-en-mayo-pasado-respecto-de-igual-mes-en-2020\/#webpage\",\"url\":\"http:\/\/www.ondasdeltonusco.com\/desempleo-en-colombia-cayo-58-en-mayo-pasado-respecto-de-igual-mes-en-2020\/\",\"name\":\"Desempleo en Colombia cay\\u00f3 5,8 % en mayo pasado, respecto de igual mes en 2020 - Ondas Del Tonusco\",\"isPartOf\":{\"@id\":\"https:\/\/www.ondasdeltonusco.com\/#website\"},\"primaryImageOfPage\":{\"@id\":\"http:\/\/www.ondasdeltonusco.com\/desempleo-en-colombia-cayo-58-en-mayo-pasado-respecto-de-igual-mes-en-2020\/#primaryimage\"},\"datePublished\":\"2021-06-30T20:35:59+00:00\",\"dateModified\":\"2021-06-30T20:35:59+00:00\",\"author\":{\"@id\":\"https:\/\/www.ondasdeltonusco.com\/#\/schema\/person\/f6c68a6aa85afcc9c7f8070b570b1ab5\"},\"breadcrumb\":{\"@id\":\"http:\/\/www.ondasdeltonusco.com\/desempleo-en-colombia-cayo-58-en-mayo-pasado-respecto-de-igual-mes-en-2020\/#breadcrumb\"},\"inLanguage\":\"en-US\",\"potentialAction\":[{\"@type\":\"ReadAction\",\"target\":[\"http:\/\/www.ondasdeltonusco.com\/desempleo-en-colombia-cayo-58-en-mayo-pasado-respecto-de-igual-mes-en-2020\/\"]}]},{\"@type\":\"BreadcrumbList\",\"@id\":\"http:\/\/www.ondasdeltonusco.com\/desempleo-en-colombia-cayo-58-en-mayo-pasado-respecto-de-igual-mes-en-2020\/#breadcrumb\",\"itemListElement\":[{\"@type\":\"ListItem\",\"position\":1,\"item\":{\"@type\":\"WebPage\",\"@id\":\"https:\/\/www.ondasdeltonusco.com\/\",\"url\":\"https:\/\/www.ondasdeltonusco.com\/\",\"name\":\"Home\"}},{\"@type\":\"ListItem\",\"position\":2,\"item\":{\"@id\":\"http:\/\/www.ondasdeltonusco.com\/desempleo-en-colombia-cayo-58-en-mayo-pasado-respecto-de-igual-mes-en-2020\/#webpage\"}}]},{\"@type\":\"Person\",\"@id\":\"https:\/\/www.ondasdeltonusco.com\/#\/schema\/person\/f6c68a6aa85afcc9c7f8070b570b1ab5\",\"name\":\"WebTeam\",\"url\":\"http:\/\/www.ondasdeltonusco.com\/en\/author\/webteam\/\"}]}<\/script>\n<!-- \/ Yoast SEO plugin. -->","_links":{"self":[{"href":"http:\/\/www.ondasdeltonusco.com\/en\/wp-json\/wp\/v2\/posts\/8181"}],"collection":[{"href":"http:\/\/www.ondasdeltonusco.com\/en\/wp-json\/wp\/v2\/posts"}],"about":[{"href":"http:\/\/www.ondasdeltonusco.com\/en\/wp-json\/wp\/v2\/types\/post"}],"author":[{"embeddable":true,"href":"http:\/\/www.ondasdeltonusco.com\/en\/wp-json\/wp\/v2\/users\/1"}],"replies":[{"embeddable":true,"href":"http:\/\/www.ondasdeltonusco.com\/en\/wp-json\/wp\/v2\/comments?post=8181"}],"version-history":[{"count":1,"href":"http:\/\/www.ondasdeltonusco.com\/en\/wp-json\/wp\/v2\/posts\/8181\/revisions"}],"predecessor-version":[{"id":8183,"href":"http:\/\/www.ondasdeltonusco.com\/en\/wp-json\/wp\/v2\/posts\/8181\/revisions\/8183"}],"wp:featuredmedia":[{"embeddable":true,"href":"http:\/\/www.ondasdeltonusco.com\/en\/wp-json\/wp\/v2\/media\/8182"}],"wp:attachment":[{"href":"http:\/\/www.ondasdeltonusco.com\/en\/wp-json\/wp\/v2\/media?parent=8181"}],"wp:term":[{"taxonomy":"category","embeddable":true,"href":"http:\/\/www.ondasdeltonusco.com\/en\/wp-json\/wp\/v2\/categories?post=8181"},{"taxonomy":"post_tag","embeddable":true,"href":"http:\/\/www.ondasdeltonusco.com\/en\/wp-json\/wp\/v2\/tags?post=8181"}],"curies":[{"name":"wp","href":"https:\/\/api.w.org\/{rel}","templated":true}]}}