{"id":282,"date":"2016-05-21T16:54:34","date_gmt":"2016-05-21T16:54:34","guid":{"rendered":"http:\/\/qantumthemes.xyz\/sonik\/demo1\/?p=282"},"modified":"2021-05-31T20:56:06","modified_gmt":"2021-06-01T01:56:06","slug":"el-camino-mas-largo-llega-a-rionegro-y-santafe-de-antioquia","status":"publish","type":"post","link":"http:\/\/www.ondasdeltonusco.com\/en\/el-camino-mas-largo-llega-a-rionegro-y-santafe-de-antioquia\/","title":{"rendered":"\u201cEl camino m\u00e1s largo\u201d llega a Rionegro y Santaf\u00e9 de Antioquia"},"content":{"rendered":"<p>&nbsp;<\/p>\r\n\r\n<figure class=\"wp-block-embed is-type-video is-provider-youtube wp-block-embed-youtube wp-embed-aspect-16-9 wp-has-aspect-ratio\">\r\n<div class=\"wp-block-embed__wrapper\">https:\/\/youtu.be\/IPlDB-AfeSY<\/div>\r\n<\/figure>\r\n\r\n\r\n\r\n<p>A <strong>Rionegro<\/strong> y Santa F\u00e9 de Antioquia llegan tambi\u00e9n las expresiones art\u00edsticas\u00a0del departamento, a partir de esta semana, con El <strong>Museo<\/strong> de Artes de Rionegro y el Museo Juan del Corral en Santa fe de Antioquia, que tendr\u00e1n en sus salas abiertas para la exposici\u00f3n de arte contempor\u00e1neo El camino m\u00e1s largo.<\/p>\r\n\r\n\r\n\r\n<p>Esta exposici\u00f3n llevar\u00e1 estas obras a diferentes museos del departamento, con el fin de generar un espacio en donde los artistas antioque\u00f1os puedan dar a conocer su trabajo.<\/p>\r\n\r\n\r\n\r\n<p>El Museo de Antropolog\u00eda y Arte de Jeric\u00f3 -MAJA- y el Museo de Arte Moderno de Medell\u00edn, tambi\u00e9n cuentan con parte de esta muestra, que pretende ser un espacio descentralizado para la reactivaci\u00f3n del <strong>arte <\/strong>en el departamento.<\/p>","protected":false},"excerpt":{"rendered":"<p>&nbsp; A Rionegro y Santa F\u00e9 de Antioquia llegan tambi\u00e9n las expresiones art\u00edsticas\u00a0del departamento, a partir de esta semana, con El Museo de Artes de Rionegro y el Museo Juan del Corral en Santa fe de Antioquia, que tendr\u00e1n en sus salas abiertas para la exposici\u00f3n de arte contempor\u00e1neo El camino m\u00e1s largo. Esta exposici\u00f3n [&hellip;]<\/p>","protected":false},"author":1,"featured_media":7739,"comment_status":"open","ping_status":"open","sticky":false,"template":"","format":"video","meta":[],"categories":[562,554,559,561],"tags":[564,565,567,571,572,573,574],"yoast_head":"<!-- This site is optimized with the Yoast SEO plugin v16.4 - https:\/\/yoast.com\/wordpress\/plugins\/seo\/ -->\n<title>\u201cEl camino m\u00e1s largo\u201d llega a Rionegro y Santaf\u00e9 de Antioquia - Ondas Del Tonusco<\/title>\n<meta name=\"robots\" content=\"index, follow, max-snippet:-1, max-image-preview:large, max-video-preview:-1\" \/>\n<link rel=\"canonical\" href=\"https:\/\/www.ondasdeltonusco.com\/en\/el-camino-mas-largo-llega-a-rionegro-y-santafe-de-antioquia\/\" \/>\n<meta property=\"og:locale\" content=\"en_US\" \/>\n<meta property=\"og:type\" content=\"article\" \/>\n<meta property=\"og:title\" content=\"\u201cEl camino m\u00e1s largo\u201d llega a Rionegro y Santaf\u00e9 de Antioquia - Ondas Del Tonusco\" \/>\n<meta property=\"og:description\" content=\"&nbsp; A Rionegro y Santa F\u00e9 de Antioquia llegan tambi\u00e9n las expresiones art\u00edsticas\u00a0del departamento, a partir de esta semana, con El Museo de Artes de Rionegro y el Museo Juan del Corral en Santa fe de Antioquia, que tendr\u00e1n en sus salas abiertas para la exposici\u00f3n de arte contempor\u00e1neo El camino m\u00e1s largo. Esta exposici\u00f3n [&hellip;]\" \/>\n<meta property=\"og:url\" content=\"https:\/\/www.ondasdeltonusco.com\/en\/el-camino-mas-largo-llega-a-rionegro-y-santafe-de-antioquia\/\" \/>\n<meta property=\"og:site_name\" content=\"Ondas Del Tonusco\" \/>\n<meta property=\"article:published_time\" content=\"2016-05-21T16:54:34+00:00\" \/>\n<meta property=\"article:modified_time\" content=\"2021-06-01T01:56:06+00:00\" \/>\n<meta property=\"og:image\" content=\"http:\/\/www.ondasdeltonusco.com\/wp-content\/uploads\/2016\/05\/museo.png\" \/>\n\t<meta property=\"og:image:width\" content=\"1604\" \/>\n\t<meta property=\"og:image:height\" content=\"889\" \/>\n<meta name=\"twitter:card\" content=\"summary_large_image\" \/>\n<meta name=\"twitter:label1\" content=\"Est. reading time\" \/>\n\t<meta name=\"twitter:data1\" content=\"1 minute\" \/>\n<script type=\"application\/ld+json\" class=\"yoast-schema-graph\">{\"@context\":\"https:\/\/schema.org\",\"@graph\":[{\"@type\":\"WebSite\",\"@id\":\"https:\/\/www.ondasdeltonusco.com\/#website\",\"url\":\"https:\/\/www.ondasdeltonusco.com\/\",\"name\":\"Ondas Del Tonusco\",\"description\":\"104.4 FM\",\"potentialAction\":[{\"@type\":\"SearchAction\",\"target\":\"https:\/\/www.ondasdeltonusco.com\/?s={search_term_string}\",\"query-input\":\"required name=search_term_string\"}],\"inLanguage\":\"en-US\"},{\"@type\":\"ImageObject\",\"@id\":\"https:\/\/www.ondasdeltonusco.com\/en\/el-camino-mas-largo-llega-a-rionegro-y-santafe-de-antioquia\/#primaryimage\",\"inLanguage\":\"en-US\",\"url\":\"http:\/\/www.ondasdeltonusco.com\/wp-content\/uploads\/2016\/05\/museo.png\",\"contentUrl\":\"http:\/\/www.ondasdeltonusco.com\/wp-content\/uploads\/2016\/05\/museo.png\",\"width\":1604,\"height\":889},{\"@type\":\"WebPage\",\"@id\":\"https:\/\/www.ondasdeltonusco.com\/en\/el-camino-mas-largo-llega-a-rionegro-y-santafe-de-antioquia\/#webpage\",\"url\":\"https:\/\/www.ondasdeltonusco.com\/en\/el-camino-mas-largo-llega-a-rionegro-y-santafe-de-antioquia\/\",\"name\":\"\\u201cEl camino m\\u00e1s largo\\u201d llega a Rionegro y Santaf\\u00e9 de Antioquia - Ondas Del Tonusco\",\"isPartOf\":{\"@id\":\"https:\/\/www.ondasdeltonusco.com\/#website\"},\"primaryImageOfPage\":{\"@id\":\"https:\/\/www.ondasdeltonusco.com\/en\/el-camino-mas-largo-llega-a-rionegro-y-santafe-de-antioquia\/#primaryimage\"},\"datePublished\":\"2016-05-21T16:54:34+00:00\",\"dateModified\":\"2021-06-01T01:56:06+00:00\",\"author\":{\"@id\":\"https:\/\/www.ondasdeltonusco.com\/#\/schema\/person\/f6c68a6aa85afcc9c7f8070b570b1ab5\"},\"breadcrumb\":{\"@id\":\"https:\/\/www.ondasdeltonusco.com\/en\/el-camino-mas-largo-llega-a-rionegro-y-santafe-de-antioquia\/#breadcrumb\"},\"inLanguage\":\"en-US\",\"potentialAction\":[{\"@type\":\"ReadAction\",\"target\":[\"https:\/\/www.ondasdeltonusco.com\/en\/el-camino-mas-largo-llega-a-rionegro-y-santafe-de-antioquia\/\"]}]},{\"@type\":\"BreadcrumbList\",\"@id\":\"https:\/\/www.ondasdeltonusco.com\/en\/el-camino-mas-largo-llega-a-rionegro-y-santafe-de-antioquia\/#breadcrumb\",\"itemListElement\":[{\"@type\":\"ListItem\",\"position\":1,\"item\":{\"@type\":\"WebPage\",\"@id\":\"https:\/\/www.ondasdeltonusco.com\/\",\"url\":\"https:\/\/www.ondasdeltonusco.com\/\",\"name\":\"Home\"}},{\"@type\":\"ListItem\",\"position\":2,\"item\":{\"@id\":\"https:\/\/www.ondasdeltonusco.com\/en\/el-camino-mas-largo-llega-a-rionegro-y-santafe-de-antioquia\/#webpage\"}}]},{\"@type\":\"Person\",\"@id\":\"https:\/\/www.ondasdeltonusco.com\/#\/schema\/person\/f6c68a6aa85afcc9c7f8070b570b1ab5\",\"name\":\"WebTeam\",\"url\":\"http:\/\/www.ondasdeltonusco.com\/en\/author\/webteam\/\"}]}<\/script>\n<!-- \/ Yoast SEO plugin. -->","_links":{"self":[{"href":"http:\/\/www.ondasdeltonusco.com\/en\/wp-json\/wp\/v2\/posts\/282"}],"collection":[{"href":"http:\/\/www.ondasdeltonusco.com\/en\/wp-json\/wp\/v2\/posts"}],"about":[{"href":"http:\/\/www.ondasdeltonusco.com\/en\/wp-json\/wp\/v2\/types\/post"}],"author":[{"embeddable":true,"href":"http:\/\/www.ondasdeltonusco.com\/en\/wp-json\/wp\/v2\/users\/1"}],"replies":[{"embeddable":true,"href":"http:\/\/www.ondasdeltonusco.com\/en\/wp-json\/wp\/v2\/comments?post=282"}],"version-history":[{"count":3,"href":"http:\/\/www.ondasdeltonusco.com\/en\/wp-json\/wp\/v2\/posts\/282\/revisions"}],"predecessor-version":[{"id":8026,"href":"http:\/\/www.ondasdeltonusco.com\/en\/wp-json\/wp\/v2\/posts\/282\/revisions\/8026"}],"wp:featuredmedia":[{"embeddable":true,"href":"http:\/\/www.ondasdeltonusco.com\/en\/wp-json\/wp\/v2\/media\/7739"}],"wp:attachment":[{"href":"http:\/\/www.ondasdeltonusco.com\/en\/wp-json\/wp\/v2\/media?parent=282"}],"wp:term":[{"taxonomy":"category","embeddable":true,"href":"http:\/\/www.ondasdeltonusco.com\/en\/wp-json\/wp\/v2\/categories?post=282"},{"taxonomy":"post_tag","embeddable":true,"href":"http:\/\/www.ondasdeltonusco.com\/en\/wp-json\/wp\/v2\/tags?post=282"}],"curies":[{"name":"wp","href":"https:\/\/api.w.org\/{rel}","templated":true}]}}