{"id":101,"date":"2016-05-18T19:59:43","date_gmt":"2016-05-18T17:59:43","guid":{"rendered":"http:\/\/qantumthemes.xyz\/sonik\/demo1\/?p=84"},"modified":"2021-05-04T16:53:35","modified_gmt":"2021-05-04T21:53:35","slug":"what-we-loved-at-winter-rockfest","status":"publish","type":"post","link":"http:\/\/www.ondasdeltonusco.com\/en\/what-we-loved-at-winter-rockfest\/","title":{"rendered":"Personas de 50 a 59 a\u00f1os ser\u00e1n vacunadas en etapa 3, asi no tengan enfermedades"},"content":{"rendered":"<p>Sin embargo, el Gobierno <strong>anunci\u00f3 cambios en las etapas del plan nacional de vacunaci\u00f3n, y principalmente en la tercera<\/strong>, que deber\u00eda comenzar en dos semanas.<\/p>\n<p>El ministro de Salud, Fernando Ruiz, explic\u00f3 este lunes que se tom\u00f3 la decisi\u00f3n de ingresar a personas de 50 a 59 a\u00f1os porque \u201c<strong>se encontr\u00f3 que cruzan de manera importante quienes tienen comorbilidades con el hecho de ser mayores de 50 a\u00f1os<\/strong>\u201c.<\/p>\n<blockquote>\n<p class=\"texto-cita smaller-90\">\u201cEl 80 % de las personas con comorbilidades son mayores de 50 a\u00f1os\u201d, a\u00f1adi\u00f3.<\/p>\n<\/blockquote>\n<p>Asimismo, en ese mismo grupo de la etapa 3, en el que los pacientes de una serie de enfermedades ya saben que podr\u00e1n acceder a una vacuna, <strong>se a\u00f1adir\u00e1 otro grupo de comorbilidades que pueden representar \u201criesgos que pueden llevar a la muerte\u201d<\/strong>, seg\u00fan el titular de la Salud:<\/p>\n<ul>\n<li>Arritmia cardiaca.<\/li>\n<li>S\u00edndrome de Down.<\/li>\n<li>Esquizofrenias.<\/li>\n<li>Menores de 60 a\u00f1os con discapacidad intelectual.<\/li>\n<\/ul>\n<blockquote><p><em>Pulzo.com<\/em><\/p><\/blockquote>","protected":false},"excerpt":{"rendered":"<p>Sin embargo, el Gobierno anunci\u00f3 cambios en las etapas del plan nacional de vacunaci\u00f3n, y principalmente en la tercera, que deber\u00eda comenzar en dos semanas. El ministro de Salud, Fernando Ruiz, explic\u00f3 este lunes que se tom\u00f3 la decisi\u00f3n de ingresar a personas de 50 a 59 a\u00f1os porque \u201cse encontr\u00f3 que cruzan de manera [&hellip;]<\/p>","protected":false},"author":1,"featured_media":7719,"comment_status":"open","ping_status":"open","sticky":false,"template":"","format":"standard","meta":[],"categories":[557],"tags":[564,568,569,571,572,573,574],"yoast_head":"<!-- This site is optimized with the Yoast SEO plugin v16.4 - https:\/\/yoast.com\/wordpress\/plugins\/seo\/ -->\n<title>Personas de 50 a 59 a\u00f1os ser\u00e1n vacunadas en etapa 3, asi no tengan enfermedades - Ondas Del Tonusco<\/title>\n<meta name=\"robots\" content=\"index, follow, max-snippet:-1, max-image-preview:large, max-video-preview:-1\" \/>\n<link rel=\"canonical\" href=\"http:\/\/www.ondasdeltonusco.com\/en\/what-we-loved-at-winter-rockfest\/\" \/>\n<meta property=\"og:locale\" content=\"en_US\" \/>\n<meta property=\"og:type\" content=\"article\" \/>\n<meta property=\"og:title\" content=\"Personas de 50 a 59 a\u00f1os ser\u00e1n vacunadas en etapa 3, asi no tengan enfermedades - Ondas Del Tonusco\" \/>\n<meta property=\"og:description\" content=\"Sin embargo, el Gobierno anunci\u00f3 cambios en las etapas del plan nacional de vacunaci\u00f3n, y principalmente en la tercera, que deber\u00eda comenzar en dos semanas. El ministro de Salud, Fernando Ruiz, explic\u00f3 este lunes que se tom\u00f3 la decisi\u00f3n de ingresar a personas de 50 a 59 a\u00f1os porque \u201cse encontr\u00f3 que cruzan de manera [&hellip;]\" \/>\n<meta property=\"og:url\" content=\"http:\/\/www.ondasdeltonusco.com\/en\/what-we-loved-at-winter-rockfest\/\" \/>\n<meta property=\"og:site_name\" content=\"Ondas Del Tonusco\" \/>\n<meta property=\"article:published_time\" content=\"2016-05-18T17:59:43+00:00\" \/>\n<meta property=\"article:modified_time\" content=\"2021-05-04T21:53:35+00:00\" \/>\n<meta property=\"og:image\" content=\"https:\/\/www.ondasdeltonusco.com\/wp-content\/uploads\/2016\/05\/woman-5829666_1280.jpg\" \/>\n\t<meta property=\"og:image:width\" content=\"1280\" \/>\n\t<meta property=\"og:image:height\" content=\"853\" \/>\n<meta name=\"twitter:card\" content=\"summary_large_image\" \/>\n<meta name=\"twitter:label1\" content=\"Est. reading time\" \/>\n\t<meta name=\"twitter:data1\" content=\"1 minute\" \/>\n<script type=\"application\/ld+json\" class=\"yoast-schema-graph\">{\"@context\":\"https:\/\/schema.org\",\"@graph\":[{\"@type\":\"WebSite\",\"@id\":\"https:\/\/www.ondasdeltonusco.com\/#website\",\"url\":\"https:\/\/www.ondasdeltonusco.com\/\",\"name\":\"Ondas Del Tonusco\",\"description\":\"104.4 FM\",\"potentialAction\":[{\"@type\":\"SearchAction\",\"target\":\"https:\/\/www.ondasdeltonusco.com\/?s={search_term_string}\",\"query-input\":\"required name=search_term_string\"}],\"inLanguage\":\"en-US\"},{\"@type\":\"ImageObject\",\"@id\":\"https:\/\/www.ondasdeltonusco.com\/what-we-loved-at-winter-rockfest\/#primaryimage\",\"inLanguage\":\"en-US\",\"url\":\"http:\/\/www.ondasdeltonusco.com\/wp-content\/uploads\/2016\/05\/woman-5829666_1280.jpg\",\"contentUrl\":\"http:\/\/www.ondasdeltonusco.com\/wp-content\/uploads\/2016\/05\/woman-5829666_1280.jpg\",\"width\":1280,\"height\":853},{\"@type\":\"WebPage\",\"@id\":\"https:\/\/www.ondasdeltonusco.com\/what-we-loved-at-winter-rockfest\/#webpage\",\"url\":\"https:\/\/www.ondasdeltonusco.com\/what-we-loved-at-winter-rockfest\/\",\"name\":\"Personas de 50 a 59 a\\u00f1os ser\\u00e1n vacunadas en etapa 3, asi no tengan enfermedades - Ondas Del Tonusco\",\"isPartOf\":{\"@id\":\"https:\/\/www.ondasdeltonusco.com\/#website\"},\"primaryImageOfPage\":{\"@id\":\"https:\/\/www.ondasdeltonusco.com\/what-we-loved-at-winter-rockfest\/#primaryimage\"},\"datePublished\":\"2016-05-18T17:59:43+00:00\",\"dateModified\":\"2021-05-04T21:53:35+00:00\",\"author\":{\"@id\":\"https:\/\/www.ondasdeltonusco.com\/#\/schema\/person\/f6c68a6aa85afcc9c7f8070b570b1ab5\"},\"breadcrumb\":{\"@id\":\"https:\/\/www.ondasdeltonusco.com\/what-we-loved-at-winter-rockfest\/#breadcrumb\"},\"inLanguage\":\"en-US\",\"potentialAction\":[{\"@type\":\"ReadAction\",\"target\":[\"https:\/\/www.ondasdeltonusco.com\/what-we-loved-at-winter-rockfest\/\"]}]},{\"@type\":\"BreadcrumbList\",\"@id\":\"https:\/\/www.ondasdeltonusco.com\/what-we-loved-at-winter-rockfest\/#breadcrumb\",\"itemListElement\":[{\"@type\":\"ListItem\",\"position\":1,\"item\":{\"@type\":\"WebPage\",\"@id\":\"https:\/\/www.ondasdeltonusco.com\/\",\"url\":\"https:\/\/www.ondasdeltonusco.com\/\",\"name\":\"Home\"}},{\"@type\":\"ListItem\",\"position\":2,\"item\":{\"@id\":\"https:\/\/www.ondasdeltonusco.com\/what-we-loved-at-winter-rockfest\/#webpage\"}}]},{\"@type\":\"Person\",\"@id\":\"https:\/\/www.ondasdeltonusco.com\/#\/schema\/person\/f6c68a6aa85afcc9c7f8070b570b1ab5\",\"name\":\"WebTeam\",\"url\":\"http:\/\/www.ondasdeltonusco.com\/en\/author\/webteam\/\"}]}<\/script>\n<!-- \/ Yoast SEO plugin. -->","_links":{"self":[{"href":"http:\/\/www.ondasdeltonusco.com\/en\/wp-json\/wp\/v2\/posts\/101"}],"collection":[{"href":"http:\/\/www.ondasdeltonusco.com\/en\/wp-json\/wp\/v2\/posts"}],"about":[{"href":"http:\/\/www.ondasdeltonusco.com\/en\/wp-json\/wp\/v2\/types\/post"}],"author":[{"embeddable":true,"href":"http:\/\/www.ondasdeltonusco.com\/en\/wp-json\/wp\/v2\/users\/1"}],"replies":[{"embeddable":true,"href":"http:\/\/www.ondasdeltonusco.com\/en\/wp-json\/wp\/v2\/comments?post=101"}],"version-history":[{"count":3,"href":"http:\/\/www.ondasdeltonusco.com\/en\/wp-json\/wp\/v2\/posts\/101\/revisions"}],"predecessor-version":[{"id":7720,"href":"http:\/\/www.ondasdeltonusco.com\/en\/wp-json\/wp\/v2\/posts\/101\/revisions\/7720"}],"wp:featuredmedia":[{"embeddable":true,"href":"http:\/\/www.ondasdeltonusco.com\/en\/wp-json\/wp\/v2\/media\/7719"}],"wp:attachment":[{"href":"http:\/\/www.ondasdeltonusco.com\/en\/wp-json\/wp\/v2\/media?parent=101"}],"wp:term":[{"taxonomy":"category","embeddable":true,"href":"http:\/\/www.ondasdeltonusco.com\/en\/wp-json\/wp\/v2\/categories?post=101"},{"taxonomy":"post_tag","embeddable":true,"href":"http:\/\/www.ondasdeltonusco.com\/en\/wp-json\/wp\/v2\/tags?post=101"}],"curies":[{"name":"wp","href":"https:\/\/api.w.org\/{rel}","templated":true}]}}